{"id":228358,"date":"2026-01-14T13:57:06","date_gmt":"2026-01-14T13:57:06","guid":{"rendered":"https:\/\/www.europesays.com\/pt\/228358\/"},"modified":"2026-01-14T13:57:06","modified_gmt":"2026-01-14T13:57:06","slug":"governo-vai-rever-carreiras-gerais-do-estado-em-2027-o-que-vem-ai","status":"publish","type":"post","link":"https:\/\/www.europesays.com\/pt\/228358\/","title":{"rendered":"Governo &#8220;vai rever carreiras gerais&#8221; do Estado em 2027. O que vem a\u00ed?"},"content":{"rendered":"<p>No que toca \u00e0 valoriza\u00e7\u00e3o das carreiras, &#8220;a novidade \u00e9 que o Governo assume que vai rever as carreiras gerais&#8221; em 2027, afirmou Jos\u00e9 Abra\u00e3o, \u00e0 sa\u00edda da reuni\u00e3o com a secret\u00e1ria de Estado da Administra\u00e7\u00e3o P\u00fablica, em Lisboa, lembrando que o acordo atual j\u00e1 previa &#8220;o compromisso&#8221; de &#8220;discutir conte\u00fados funcionais&#8221;.<\/p>\n<p>Deste modo, o objetivo &#8220;\u00e9 continuar a trabalhar e trabalhar nos conte\u00fados funcionais, com vista a que em 2027 possamos ter revistas as carreiras gerais, que s\u00e3o o parente pobre da Administra\u00e7\u00e3o P\u00fablica&#8221;.<\/p>\n<p>Por outro lado, segundo Jos\u00e9 Abra\u00e3o, o executivo &#8220;aceitou aquilo que era uma reivindica\u00e7\u00e3o da Fesap, que \u00e9 alterar o acordo de carreiras gerais n\u00ba1, que era de 2009, para contemplar mat\u00e9rias que tenham a ver com a forma\u00e7\u00e3o&#8221; ou com o teletrabalho.<\/p>\n<p>&#8220;Estar\u00e1 tamb\u00e9m no texto que nos v\u00e3o fazer chegar a negocia\u00e7\u00e3o de instrumento de regula\u00e7\u00e3o coletiva de trabalho, como, por exemplo, o acordo que existe para os trabalhadores t\u00e9cnicos auxiliares de sa\u00fade&#8221;, destacou.<\/p>\n<p>Segundo o secret\u00e1rio-geral da Fesap, a proposta de novo acordo do Governo traz tamb\u00e9m novidades relativamente ao &#8216;acelerador&#8217; de carreiras, tendo em vista corrigir &#8220;as injusti\u00e7as geradas&#8221;.<\/p>\n<p>No que toca a mat\u00e9rias pecuni\u00e1rias, a proposta de acordo do Governo apresentada nesta reuni\u00e3o n\u00e3o trouxe novidades face ao j\u00e1 noticiado, prevendo, nomeadamente, aumentos de 2,15%, com um m\u00ednimo de 56,58 euros para este ano, e um aumento do subs\u00eddio de refei\u00e7\u00e3o na fun\u00e7\u00e3o p\u00fablica em 15 c\u00eantimos (por dia) ao ano at\u00e9 2029.<\/p>\n<p>No que toca ao subs\u00eddio de alimenta\u00e7\u00e3o, Jos\u00e9 Abra\u00e3o admitiu que &#8220;\u00e9 pouco&#8221;, mas real\u00e7ou que &#8220;\u00e9 um compromisso&#8221; que pode ser melhorado &#8220;at\u00e9 ao final da legislatura&#8221;. Nesse sentido, disse ter pedido ao Governo que contemple essa &#8220;salvaguarda&#8221; na proposta de acordo.<\/p>\n<p>A Fesap disse ainda que vai guardar a proposta final que vai ser enviada pelo executivo, mas manifestou-se dispon\u00edvel para &#8220;avan\u00e7ar&#8221; com um &#8220;entendimento&#8221; caso o texto contemple as mat\u00e9rias acima mencionadas.<\/p>\n<p>&#8220;Vamos avaliar o texto que nos enviarem&#8221;, vincou Jos\u00e9 Abra\u00e3o, n\u00e3o excluindo avan\u00e7ar com um pedido de reuni\u00e3o suplementar, dado que &#8220;h\u00e1 sempre hip\u00f3teses de melhorar&#8221;.<\/p>\n<p>&#8220;Uma vez que [tudo indica que] uma parte muito significativa das nossas propostas foi introduzida no texto, vamos aguardar para verificar&#8221;, sublinhou, referindo que n\u00e3o tem a certeza de que &#8220;ser\u00e1 absolutamente necess\u00e1rio&#8221; avan\u00e7ar com esse pedido.<\/p>\n<p>No \u00e2mbito deste processo negocial, o Governo j\u00e1 se mostrou dispon\u00edvel para avan\u00e7ar com uma extens\u00e3o do acordo plurianual de valoriza\u00e7\u00e3o dos trabalhadores da Administra\u00e7\u00e3o P\u00fablica atualmente em vigor, de modo a cobrir a atual legislatura, isto \u00e9, at\u00e9 2029, propondo neste caso aumentos de 2,30%, com um m\u00ednimo de 60,52 euros.<\/p>\n<p>A proposta apresentada aos sindicatos da fun\u00e7\u00e3o p\u00fablica inclui outras mat\u00e9rias, como &#8220;a valoriza\u00e7\u00e3o do estatuto remunerat\u00f3rio de dirigentes, a inclus\u00e3o de valoriza\u00e7\u00e3o de outras carreiras, a revis\u00e3o do SIADAP, bem como as previstas no Acordo em vigor: a revis\u00e3o do regime de ajudas de custo e transporte, avalia\u00e7\u00e3o do impacto do acelerador de carreiras e a revisita\u00e7\u00e3o das carreiras gerais&#8221;, indicou o Minist\u00e9rio das Finan\u00e7as em comunicado, em 17 de dezembro.<\/p>\n<p>Leia Tamb\u00e9m: <a href=\"https:\/\/www.noticiasaominuto.com\/pais\/2919151\/inspetor-da-asae-detido-por-disparar-contra-homem-seria-amante-da-mulher\" target=\"_blank\" rel=\"noopener noreferrer nofollow\">Inspetor da ASAE detido por disparar contra homem. Seria amante da mulher<\/a><\/p>\n","protected":false},"excerpt":{"rendered":"No que toca \u00e0 valoriza\u00e7\u00e3o das carreiras, &#8220;a novidade \u00e9 que o Governo assume que vai rever as&hellip;\n","protected":false},"author":2,"featured_media":228359,"comment_status":"","ping_status":"","sticky":false,"template":"","format":"standard","meta":{"footnotes":""},"categories":[10],"tags":[27,28,15,16,14,25,26,21,22,12,13,19,20,32,23,24,33,17,18,29,30,31],"class_list":{"0":"post-228358","1":"post","2":"type-post","3":"status-publish","4":"format-standard","5":"has-post-thumbnail","7":"category-portugal","8":"tag-breaking-news","9":"tag-breakingnews","10":"tag-featured-news","11":"tag-featurednews","12":"tag-headlines","13":"tag-latest-news","14":"tag-latestnews","15":"tag-main-news","16":"tag-mainnews","17":"tag-news","18":"tag-noticias","19":"tag-noticias-principais","20":"tag-noticiasprincipais","21":"tag-portugal","22":"tag-principais-noticias","23":"tag-principaisnoticias","24":"tag-pt","25":"tag-top-stories","26":"tag-topstories","27":"tag-ultimas","28":"tag-ultimas-noticias","29":"tag-ultimasnoticias"},"share_on_mastodon":{"url":"https:\/\/pubeurope.com\/@pt\/115893806344700820","error":""},"_links":{"self":[{"href":"https:\/\/www.europesays.com\/pt\/wp-json\/wp\/v2\/posts\/228358","targetHints":{"allow":["GET"]}}],"collection":[{"href":"https:\/\/www.europesays.com\/pt\/wp-json\/wp\/v2\/posts"}],"about":[{"href":"https:\/\/www.europesays.com\/pt\/wp-json\/wp\/v2\/types\/post"}],"author":[{"embeddable":true,"href":"https:\/\/www.europesays.com\/pt\/wp-json\/wp\/v2\/users\/2"}],"replies":[{"embeddable":true,"href":"https:\/\/www.europesays.com\/pt\/wp-json\/wp\/v2\/comments?post=228358"}],"version-history":[{"count":0,"href":"https:\/\/www.europesays.com\/pt\/wp-json\/wp\/v2\/posts\/228358\/revisions"}],"wp:featuredmedia":[{"embeddable":true,"href":"https:\/\/www.europesays.com\/pt\/wp-json\/wp\/v2\/media\/228359"}],"wp:attachment":[{"href":"https:\/\/www.europesays.com\/pt\/wp-json\/wp\/v2\/media?parent=228358"}],"wp:term":[{"taxonomy":"category","embeddable":true,"href":"https:\/\/www.europesays.com\/pt\/wp-json\/wp\/v2\/categories?post=228358"},{"taxonomy":"post_tag","embeddable":true,"href":"https:\/\/www.europesays.com\/pt\/wp-json\/wp\/v2\/tags?post=228358"}],"curies":[{"name":"wp","href":"https:\/\/api.w.org\/{rel}","templated":true}]}}