{"id":228362,"date":"2026-01-14T13:59:12","date_gmt":"2026-01-14T13:59:12","guid":{"rendered":"https:\/\/www.europesays.com\/pt\/228362\/"},"modified":"2026-01-14T13:59:12","modified_gmt":"2026-01-14T13:59:12","slug":"liliana-muda-de-visual-e-quase-fica-irreconhecivel-primeira-companhia","status":"publish","type":"post","link":"https:\/\/www.europesays.com\/pt\/228362\/","title":{"rendered":"Liliana muda de visual e quase fica irreconhec\u00edvel &#8211; Primeira Companhia"},"content":{"rendered":"<p style=\"margin-bottom:11px\">Ano novo, vida nova.<strong> Liliana<\/strong>, finalista do \u00faltimo Secret Story, submeteu-se a uma mudan\u00e7a de visual e est\u00e1 muito diferente. A namorada de Fl\u00e1vio iluminou os seus longos cabelos escuros e colocou extens\u00f5es. <a href=\"https:\/\/www.instagram.com\/p\/DTbH8hgjaeG\/?igsh=azE1MHYzbGp2MWho\" rel=\"nofollow noopener\" target=\"_blank\">O resultado final foi publicado nas redes sociais <\/a>e originou v\u00e1rios elogios. \u00abFicou incr\u00edvel\u00bb, l\u00ea-se nos coment\u00e1rios da fotografia que mostra a \u2018nova\u2019 Liliana.<\/p>\n<p style=\"margin-bottom:11px\">\u00a0<\/p>\n<p>Liliana ficou em terceiro lugar na final do Secret Story 9. Fora da casa, a jovem est\u00e1 empenhada em fortalecer a sua rela\u00e7\u00e3o com F\u00e1bio, tanto que fez uma tatuagem em conjunto com o namorado.<\/p>\n<p>O<a href=\"https:\/\/tvi.iol.pt\/primeiracompanhia\/fotos\/amores-e-desamores-de-liliana-as-imagens-ineditas-da-relacao-com-ze-e-fabio\/6961280ed34e0ec52ec1e8cb\" rel=\"nofollow noopener\" target=\"_blank\"> casal fez tatuagens com as iniciais de ambos<\/a> (F e L) e ainda os n\u00fameros \u00ab224\u00bb, que t\u00eam um forte significado por detr\u00e1s. Liliana fez quest\u00e3o de explicar esse mesmo c\u00f3digo, atrav\u00e9s de um v\u00eddeo partilhado nas redes sociais.<\/p>\n<p>\u00ab<strong>O 224 significa \u2018two day\u2019 (hoje), \u2018two morrow\u2019 (amanh\u00e3) e \u2018four ever\u2019 (para sempre)\u00bb<\/strong>, come\u00e7ou por dizer <a href=\"https:\/\/tvi.iol.pt\/primeiracompanhia\/fabio\/ze\/ex-e-atual-de-liliana-em-guerra-ze-andrade-responde-a-fabio-pereira-e-esta-instalado-o-caos\" rel=\"nofollow noopener\" target=\"_blank\">a jovem de Lousada<\/a>. \u00abN\u00e3o fizemos esta tatuagem por acaso. Fizemo-la por tudo o que vivemos dentro do jogo. S\u00f3 n\u00f3s sabemos o que sentimos, o que doeu, o que fortaleceu\u00bb, acrescentou.<\/p>\n<p>\u00ab<strong>\u00c9 por isso que queremos fazer de tudo para dar certo. \u00c9 muito mais do que uma tatuagem. <\/strong>\u00c9 hist\u00f3ria, \u00e9 coragem, \u00e9 escolha, \u00e9 amor\u00bb, findou o casal.<\/p>\n<p><strong>Pode ver tudo aqui:<\/strong><\/p>\n<p>                        <script async src=\"\/\/www.instagram.com\/embed.js\"><\/script><\/p>\n","protected":false},"excerpt":{"rendered":"Ano novo, vida nova. Liliana, finalista do \u00faltimo Secret Story, submeteu-se a uma mudan\u00e7a de visual e est\u00e1&hellip;\n","protected":false},"author":2,"featured_media":215238,"comment_status":"","ping_status":"","sticky":false,"template":"","format":"standard","meta":{"footnotes":""},"categories":[145],"tags":[41536,211,210,114,115,18705,19016,12205,32,33,41535],"class_list":{"0":"post-228362","1":"post","2":"type-post","3":"status-publish","4":"format-standard","5":"has-post-thumbnail","7":"category-celebridades","8":"tag-bastidores-da-recruta","9":"tag-celebridades","10":"tag-celebrities","11":"tag-entertainment","12":"tag-entretenimento","13":"tag-entrevistas-concorrentes-tvi","14":"tag-liliana","15":"tag-novo-visual","16":"tag-portugal","17":"tag-pt","18":"tag-vida-fora-da-base"},"share_on_mastodon":{"url":"https:\/\/pubeurope.com\/@pt\/115893814052136375","error":""},"_links":{"self":[{"href":"https:\/\/www.europesays.com\/pt\/wp-json\/wp\/v2\/posts\/228362","targetHints":{"allow":["GET"]}}],"collection":[{"href":"https:\/\/www.europesays.com\/pt\/wp-json\/wp\/v2\/posts"}],"about":[{"href":"https:\/\/www.europesays.com\/pt\/wp-json\/wp\/v2\/types\/post"}],"author":[{"embeddable":true,"href":"https:\/\/www.europesays.com\/pt\/wp-json\/wp\/v2\/users\/2"}],"replies":[{"embeddable":true,"href":"https:\/\/www.europesays.com\/pt\/wp-json\/wp\/v2\/comments?post=228362"}],"version-history":[{"count":0,"href":"https:\/\/www.europesays.com\/pt\/wp-json\/wp\/v2\/posts\/228362\/revisions"}],"wp:featuredmedia":[{"embeddable":true,"href":"https:\/\/www.europesays.com\/pt\/wp-json\/wp\/v2\/media\/215238"}],"wp:attachment":[{"href":"https:\/\/www.europesays.com\/pt\/wp-json\/wp\/v2\/media?parent=228362"}],"wp:term":[{"taxonomy":"category","embeddable":true,"href":"https:\/\/www.europesays.com\/pt\/wp-json\/wp\/v2\/categories?post=228362"},{"taxonomy":"post_tag","embeddable":true,"href":"https:\/\/www.europesays.com\/pt\/wp-json\/wp\/v2\/tags?post=228362"}],"curies":[{"name":"wp","href":"https:\/\/api.w.org\/{rel}","templated":true}]}}