{"id":228363,"date":"2026-01-14T14:02:14","date_gmt":"2026-01-14T14:02:14","guid":{"rendered":"https:\/\/www.europesays.com\/pt\/228363\/"},"modified":"2026-01-14T14:02:14","modified_gmt":"2026-01-14T14:02:14","slug":"sequestro-serie-2-temporada-e-boa-critica-sequestro-no-ar","status":"publish","type":"post","link":"https:\/\/www.europesays.com\/pt\/228363\/","title":{"rendered":"Sequestro s\u00e9rie | 2 temporada, \u00e9 boa?, Cr\u00edtica, Sequestro no Ar"},"content":{"rendered":"<p>  <img decoding=\"async\" src=\"https:\/\/cdn.ome.lt\/static\/omelete\/img\/loading.svg\" alt=\"\"\/><\/p>\n<p>  <img decoding=\"async\" class=\"article__cover__image\" data-lazy-src-mob=\"\/\/cdn.ome.lt\/F_F7xHrt9ILzc2_gXTIpGwQZcx8=\/570x0\/smart\/filters:format(webp)\/uploads\/conteudo\/fotos\/hijack_9W5t2ts.jpg\" data-lazy-src=\"https:\/\/cdn.ome.lt\/5fSV233lTRFCXmFviP9iiRsqIsk=\/987x0\/smart\/filters:format(webp)\/uploads\/conteudo\/fotos\/hijack_9W5t2ts.jpg\" src=\"data:image\/png;base64,iVBORw0KGgoAAAANSUhEUgAAAAEAAAABCAQAAAC1HAwCAAAAC0lEQVR42mNkYAAAAAYAAjCB0C8AAAAASUVORK5CYII=\" alt=\"Idris Elba em Sequestro (Reprodu\u00e7\u00e3o)\" title=\"Idris Elba em Sequestro (Reprodu\u00e7\u00e3o)\" width=\"987\" height=\"555\" fetchpriority=\"high\"\/><\/p>\n<p class=\"article__cover__credits\">\n  Cr\u00e9ditos da imagem:<br \/>\n  Idris Elba em Sequestro (Reprodu\u00e7\u00e3o)\n<\/p>\n<p dir=\"ltr\"><strong>Idris Elba <\/strong>contra terroristas num avi\u00e3o. Essa era a chamada de Sequestro no Ar, suspense de a\u00e7\u00e3o que a <strong>Apple TV <\/strong>lan\u00e7ou em 2023, ao tom de um inesperado sucesso de cr\u00edtica e audi\u00eancia. A renova\u00e7\u00e3o veio, apesar da trama ostentosamente autocontida do primeiro ano, e Sequestro no Ar precisou virar apenas <strong>Sequestro<\/strong>, para acomodar o fato que o protagonista Sam (Elba) estaria em terra firme nos novos epis\u00f3dios, desta vez envolvido no ataque a um vag\u00e3o de metr\u00f4 em Berlim (Alemanha).<\/p>\n<p dir=\"ltr\">Na superf\u00edcie, a mudan\u00e7a parece ser no m\u00e1ximo cosm\u00e9tica, e sugere a transforma\u00e7\u00e3o de Sam em um her\u00f3i de a\u00e7\u00e3o desafortunado \u00e0 la Jack Bauer (24 Horas) ou John McClane (Duro de Matal), sempre no lugar errado e na hora errada. Mas n\u00e3o \u00e9 bem isso que Sequestro revela em seu primeiro epis\u00f3dio, lan\u00e7ado <strong>hoje (14)<\/strong> na plataforma da ma\u00e7\u00e3.<\/p>\n<p>            Continua depois da Publicidade<\/p>\n<p dir=\"ltr\">Desde o come\u00e7o de \u201cSignal\u201d, o espectador sente que h\u00e1 algo que a s\u00e9rie n\u00e3o est\u00e1 nos contando. O novo showrunner de Sequestro, o estreante<strong> Guy Bolton<\/strong>, constr\u00f3i o cap\u00edtulo para colocar Sam em situa\u00e7\u00f5es de ansiedade, mas se esquiva de qualquer oportunidade para nos explicar essa ansiedade mais \u00e0 fundo. Uma conhecida de anos atr\u00e1s enche o saco do protagonista por um emprego, um rapaz de mochila volumosa parece se mover de forma suspeita pelo trem, o motorista exige uma parada mais longa para ir ao banheiro\u2026 enfim, tudo acontece ao redor de Sam para fazer de sua viagem um inc\u00f4modo.<\/p>\n<p dir=\"ltr\">O mais bacana \u00e9 que o texto nunca deixa essas inconveni\u00eancias ultrapassarem inteiramente o limite do plaus\u00edvel. Qualquer um de n\u00f3s que pega ou j\u00e1 pegou metr\u00f4 para ir e voltar do trabalho vai reconhecer as irrita\u00e7\u00f5es situacionais armadas por Bolton, e talvez at\u00e9 comiserar com o personagem de Elba, que \u00e9 \u00f3timo em comunicar essa frustra\u00e7\u00e3o. Mas tamb\u00e9m h\u00e1 a sensa\u00e7\u00e3o distinta de que algo a mais est\u00e1 rolando &#8211; e \u00e9 claro que est\u00e1.<\/p>\n<p dir=\"ltr\">Para sublinhar essa sensa\u00e7\u00e3o entra em cena o diretor <strong>Jim Field Smith,<\/strong> que j\u00e1 havia assinado cinco epis\u00f3dios da temporada anterior. Aqui, ele ajuda Sequestro a estabelecer seu layout geogr\u00e1fico (enfiando a c\u00e2mera em todos os cantos que consegue achar nos vag\u00f5es lotados percorridos pelo protagonista), mas tamb\u00e9m a sugerir um desajuste entre a\u00e7\u00f5es e motiva\u00e7\u00f5es que s\u00f3 vai fazer sentido l\u00e1 no fim do cap\u00edtulo, quando a s\u00e9rie finalmente mostra a sua m\u00e3o. O resultado \u00e9 um dos blefes mais bem executados da mem\u00f3ria recente.<\/p>\n<p>            Continua depois da Publicidade<\/p>\n<p dir=\"ltr\">Sequestro retorna ao Apple TV mostrando, acima de tudo, que entendeu onde estavam suas verdadeiras virtudes. Ao inv\u00e9s de reeditar a premissa em um novo cen\u00e1rio, ela transporta para essa inesperada segunda temporada a tens\u00e3o est\u00e9tica, o amor desavergonhado pelos thrillers-B de outros tempos e o senso de rid\u00edculo que a tornaram imposs\u00edvel de desligar l\u00e1 em 2023, e continuam fazendo o mesmo agora.<\/p>\n<p dir=\"ltr\"><strong>*Sequestro j\u00e1 est\u00e1 dispon\u00edvel para streaming no Apple TV. Os pr\u00f3ximos epis\u00f3dios ser\u00e3o lan\u00e7ados semanalmente, sempre \u00e0s quartas-feiras.<\/strong><\/p>\n","protected":false},"excerpt":{"rendered":"Cr\u00e9ditos da imagem: Idris Elba em Sequestro (Reprodu\u00e7\u00e3o) Idris Elba contra terroristas num avi\u00e3o. Essa era a chamada&hellip;\n","protected":false},"author":2,"featured_media":228364,"comment_status":"","ping_status":"","sticky":false,"template":"","format":"standard","meta":{"footnotes":""},"categories":[142],"tags":[114,115,32,33,151],"class_list":{"0":"post-228363","1":"post","2":"type-post","3":"status-publish","4":"format-standard","5":"has-post-thumbnail","7":"category-tv","8":"tag-entertainment","9":"tag-entretenimento","10":"tag-portugal","11":"tag-pt","12":"tag-tv"},"share_on_mastodon":{"url":"https:\/\/pubeurope.com\/@pt\/115893826080448810","error":""},"_links":{"self":[{"href":"https:\/\/www.europesays.com\/pt\/wp-json\/wp\/v2\/posts\/228363","targetHints":{"allow":["GET"]}}],"collection":[{"href":"https:\/\/www.europesays.com\/pt\/wp-json\/wp\/v2\/posts"}],"about":[{"href":"https:\/\/www.europesays.com\/pt\/wp-json\/wp\/v2\/types\/post"}],"author":[{"embeddable":true,"href":"https:\/\/www.europesays.com\/pt\/wp-json\/wp\/v2\/users\/2"}],"replies":[{"embeddable":true,"href":"https:\/\/www.europesays.com\/pt\/wp-json\/wp\/v2\/comments?post=228363"}],"version-history":[{"count":0,"href":"https:\/\/www.europesays.com\/pt\/wp-json\/wp\/v2\/posts\/228363\/revisions"}],"wp:featuredmedia":[{"embeddable":true,"href":"https:\/\/www.europesays.com\/pt\/wp-json\/wp\/v2\/media\/228364"}],"wp:attachment":[{"href":"https:\/\/www.europesays.com\/pt\/wp-json\/wp\/v2\/media?parent=228363"}],"wp:term":[{"taxonomy":"category","embeddable":true,"href":"https:\/\/www.europesays.com\/pt\/wp-json\/wp\/v2\/categories?post=228363"},{"taxonomy":"post_tag","embeddable":true,"href":"https:\/\/www.europesays.com\/pt\/wp-json\/wp\/v2\/tags?post=228363"}],"curies":[{"name":"wp","href":"https:\/\/api.w.org\/{rel}","templated":true}]}}