{"id":228365,"date":"2026-01-14T14:03:13","date_gmt":"2026-01-14T14:03:13","guid":{"rendered":"https:\/\/www.europesays.com\/pt\/228365\/"},"modified":"2026-01-14T14:03:13","modified_gmt":"2026-01-14T14:03:13","slug":"bts-familia-de-stalker-brasileira-de-jungkook-faz-apelo-para-trazer-jovem-de-volta-ao-brasil","status":"publish","type":"post","link":"https:\/\/www.europesays.com\/pt\/228365\/","title":{"rendered":"BTS: Fam\u00edlia de stalker brasileira de Jungkook faz apelo para trazer jovem de volta ao Brasil"},"content":{"rendered":"<p>O caso da brasileira de 30 anos, detida na Coreia do Sul por suspeita de perseguir o cantor <a href=\"https:\/\/recreio.com.br\/tags\/jungkook\" target=\"_blank\" rel=\"noopener nofollow\"><strong>Jungkook<\/strong><\/a>, membro mais jovem do grupo BTS, agora conta com o envolvimento da fam\u00edlia da mulher, que faz apelo para traz\u00ea-la de volta ao Brasil sobre a alega\u00e7\u00e3o de que ela tem transtorno mental e n\u00e3o est\u00e1 fazendo uso da medica\u00e7\u00e3o necess\u00e1ria.<\/p>\n<p>\t O caso <\/p>\n<p>No dia 4 de janeiro, a brasileira foi detida nas imedia\u00e7\u00f5es da casa do idol no distrito de Yongsan, em <a href=\"https:\/\/pt.wikipedia.org\/wiki\/Seul\" target=\"_blank\" rel=\"noopener nofollow\">Seul<\/a>, na Coreia do Sul, sob acusa\u00e7\u00e3o de perseguir o <a href=\"https:\/\/www.instagram.com\/bts.bighitofficial\/\" target=\"_blank\" rel=\"noopener nofollow\">cantor<\/a>.\u00a0Segundo o jornal The Korea Times, ela foi presa sob suspeita de violar a lei contra persegui\u00e7\u00e3o, j\u00e1 que teria ido ao local duas vezes em dezembro de 2025, al\u00e9m de ter enviado correspond\u00eancias, colocado fotografias no corrim\u00e3o do pr\u00e9dio e deixado mensagens nas proximidades da casa de <strong>Jungkook<\/strong>.<\/p>\n<p>Conforme relatado pelo jornal, a brasileira acabou levada pela pol\u00edcia ap\u00f3s a fam\u00edlia de <strong>Jungkook<\/strong> solicitar uma ordem de restri\u00e7\u00e3o, ainda assim, a \u00faltima atualiza\u00e7\u00e3o do caso diz que ela j\u00e1 foi liberada.<\/p>\n<p> O pedido da fam\u00edlia <\/p>\n<p>Agora, em entrevista ao G1, a fam\u00edlia da brasileira contou que ela \u00e9 da Para\u00edba, mas havia se mudado S\u00e3o Paulo h\u00e1 pelo menos dois anos. A jovem ainda teria viajado para Coreia do Sul em novembro de 2024 sem avisar os familiares, os quais afirmam ter descoberto que ela j\u00e1 n\u00e3o estava mais no Brasil atrav\u00e9s das redes sociais.<\/p>\n<p>A partir de ent\u00e3o, a preocupa\u00e7\u00e3o tomou conta da fam\u00edlia, como afirma uma parente n\u00e3o identificada ao portal. Isso porque, a familiar afirma que a brasileira tem transtorno mental e est\u00e1 sem fazer uso da medica\u00e7\u00e3o controlada, al\u00e9m de que estaria no momento em um surto psic\u00f3tico \u201cpor acreditar que <strong>Jungkook<\/strong> \u00e9 o grande amor da vida\u201d.<\/p>\n<p>Na mesma mat\u00e9ria, o G1 conversou com outro membro da fam\u00edlia da brasileira que tamb\u00e9m prefere n\u00e3o se identificar, que revelou o mais sobre o hist\u00f3rico da jovem ao contar que ela teve outro epis\u00f3dio de\u00a0desorganiza\u00e7\u00e3o da representa\u00e7\u00e3o da realidade em 2021. \u201cFoi algo fora do normal. Ela foi levada ao psiquiatra e o m\u00e9dico diagnosticou transtorno. Ela conversa com a m\u00e3e todos os dias, que pede para ela voltar, mas ela diz que n\u00e3o vem\u201d, contou.<\/p>\n<p>Al\u00e9m disso, j\u00e1 no pa\u00eds do leste asi\u00e1tico, a brasileira teria bloqueado o contato com grande parte dos parentes e s\u00f3 a m\u00e3e consegue falar diretamente com a jovem, gerando ainda mais preocupa\u00e7\u00e3o acerca do estado de sa\u00fade dela.<\/p>\n<p>Em complemento, <strong>Paloma Lopes Ventura<\/strong>, especialista em direito internacional, afirmou que h\u00e1 tamb\u00e9m dificuldade de saber mais sobre a situa\u00e7\u00e3o real da brasileira j\u00e1 que o consulado brasileiro na Coreia do Sul teria compartilhado que n\u00e3o poderia fornecer informa\u00e7\u00f5es sem o consentimento da pr\u00f3pria jovem.<\/p>\n<blockquote>\n<p>\u201cIsso \u00e9 completamente invi\u00e1vel. Ela n\u00e3o vai dar consentimento se est\u00e1 sob uma crise fort\u00edssima do transtorno mental que tem\u201d, defendeu Ventura.<\/p>\n<\/blockquote>\n<p>Em resposta, o <a href=\"https:\/\/www.gov.br\/mre\/pt-br\" target=\"_blank\" rel=\"noopener nofollow\">Minist\u00e9rio das Rela\u00e7\u00f5es Exteriores<\/a>, por meio da Embaixada do Brasil em Seul, afirmou que a fam\u00edlia tem recebido a assist\u00eancia consular cab\u00edvel e defendeu: \u201cEm atendimento ao direito \u00e0 privacidade e em observ\u00e2ncia ao disposto na Lei de Acesso \u00e0 Informa\u00e7\u00e3o e no decreto 7.724\/2012, o Minist\u00e9rio das Rela\u00e7\u00f5es Exteriores n\u00e3o divulga informa\u00e7\u00f5es pessoais de cidad\u00e3os que requisitam servi\u00e7os consulares e tampouco fornece detalhes sobre a assist\u00eancia prestada a brasileiros\u201d.<\/p>\n<p>Como resultado, a fam\u00edlia defende a deporta\u00e7\u00e3o compuls\u00f3ria da brasileira. \u201cO psiquiatra dela ir\u00e1 elaborar um laudo m\u00e9dico para que possamos enviar \u00e0s autoridades coreanas e ao governo, para que seja aberta uma investiga\u00e7\u00e3o e, posteriormente, aprovada a deporta\u00e7\u00e3o\u201d, disse <strong>Ventura<\/strong>.<\/p>\n<p>O caso segue em andamento.<\/p>\n<p>        <a href=\"https:\/\/recreio.com.br\/autor\/izabela-queiroz\" rel=\"nofollow noopener\" target=\"_blank\">&#13;<br \/>\n          <img loading=\"lazy\" alt=\"Izabela Queiroz\" src=\"https:\/\/www.europesays.com\/pt\/wp-content\/uploads\/2026\/01\/1768399393_497_73c0b9c1056486c3f0ac887fc031213cdd608512c3b419d28e1ba5da81c3eb12.jpeg\"  class=\"avatar avatar-115 photo rounded-circle mr-3\" height=\"115\" width=\"115\" decoding=\"async\"\/>        <\/a><\/p>\n<p>Izabela Queiroz, jornalista por paix\u00e3o e cin\u00e9fila de carteirinha. Formada pela UNINOVE, encontrou na escrita o lugar ideal para unir tudo o que mais gosta: filmes, s\u00e9ries e m\u00fasica. Nos textos, h\u00e1 quase sempre refer\u00eancias a algo relacionado \u00e0 cultura pop que a marcou. Fora deles, a encontrar\u00e1 assistindo hist\u00f3rias com reviravoltas chocantes, romances cativantes e dramas que a fazem chorar.<\/p>\n<p>\t                                            <script async src=\"\/\/www.instagram.com\/embed.js\"><\/script><\/p>\n","protected":false},"excerpt":{"rendered":"O caso da brasileira de 30 anos, detida na Coreia do Sul por suspeita de perseguir o cantor&hellip;\n","protected":false},"author":2,"featured_media":228366,"comment_status":"","ping_status":"","sticky":false,"template":"","format":"standard","meta":{"footnotes":""},"categories":[141],"tags":[114,115,149,150,32,33],"class_list":{"0":"post-228365","1":"post","2":"type-post","3":"status-publish","4":"format-standard","5":"has-post-thumbnail","7":"category-musica","8":"tag-entertainment","9":"tag-entretenimento","10":"tag-music","11":"tag-musica","12":"tag-portugal","13":"tag-pt"},"share_on_mastodon":{"url":"https:\/\/pubeurope.com\/@pt\/115893830084865591","error":""},"_links":{"self":[{"href":"https:\/\/www.europesays.com\/pt\/wp-json\/wp\/v2\/posts\/228365","targetHints":{"allow":["GET"]}}],"collection":[{"href":"https:\/\/www.europesays.com\/pt\/wp-json\/wp\/v2\/posts"}],"about":[{"href":"https:\/\/www.europesays.com\/pt\/wp-json\/wp\/v2\/types\/post"}],"author":[{"embeddable":true,"href":"https:\/\/www.europesays.com\/pt\/wp-json\/wp\/v2\/users\/2"}],"replies":[{"embeddable":true,"href":"https:\/\/www.europesays.com\/pt\/wp-json\/wp\/v2\/comments?post=228365"}],"version-history":[{"count":0,"href":"https:\/\/www.europesays.com\/pt\/wp-json\/wp\/v2\/posts\/228365\/revisions"}],"wp:featuredmedia":[{"embeddable":true,"href":"https:\/\/www.europesays.com\/pt\/wp-json\/wp\/v2\/media\/228366"}],"wp:attachment":[{"href":"https:\/\/www.europesays.com\/pt\/wp-json\/wp\/v2\/media?parent=228365"}],"wp:term":[{"taxonomy":"category","embeddable":true,"href":"https:\/\/www.europesays.com\/pt\/wp-json\/wp\/v2\/categories?post=228365"},{"taxonomy":"post_tag","embeddable":true,"href":"https:\/\/www.europesays.com\/pt\/wp-json\/wp\/v2\/tags?post=228365"}],"curies":[{"name":"wp","href":"https:\/\/api.w.org\/{rel}","templated":true}]}}