{"id":228373,"date":"2026-01-14T14:07:13","date_gmt":"2026-01-14T14:07:13","guid":{"rendered":"https:\/\/www.europesays.com\/pt\/228373\/"},"modified":"2026-01-14T14:07:13","modified_gmt":"2026-01-14T14:07:13","slug":"estado-de-saude-da-princesa-irene-estara-a-agravar-se-observador","status":"publish","type":"post","link":"https:\/\/www.europesays.com\/pt\/228373\/","title":{"rendered":"Estado de sa\u00fade da princesa Irene estar\u00e1 a agravar-se \u2013 Observador"},"content":{"rendered":"<p>Mas apesar da vida no Pal\u00e1cio em Madrid, preferiu seguir um estilo simples e discreto, com apari\u00e7\u00f5es p\u00fablicas apenas a acompanhar Sofia ou outros membros da realeza espanhola. <a href=\"https:\/\/www.revistavanityfair.es\/realeza\/articulos\/irene-de-grecia-hermana-reina-sofia-estilo\/44888\" target=\"_blank\" rel=\"noopener nofollow\">A Vanity Fair espanhola destaca que a princesa n\u00e3o usa salto alto<\/a> e a \u00faltima vez que usou saia foi no casamento do sobrinho, o agora Rei Felipe VI, em 2004. Tamb\u00e9m raramente maquilha-se e nem pinta as unhas. \u201cAs joias que usa s\u00e3o muito discretas e quase sempre pequenas lembran\u00e7as dos seus sobrinhos ou algo que lhe deram em alguma viagem. No entanto, quando vai a alguma rece\u00e7\u00e3o ou gala com a irm\u00e3, leva alguma das joias da fam\u00edlia, at\u00e9 mesmo a Rainha sugere isso\u201d, diz \u00e0 revista a escritora Eva Celeda, bi\u00f3grafa da princesa.<\/p>\n<p>Irene tamb\u00e9m ficou conhecida pelo envolvimento em causas solid\u00e1rias e ambientais. A indemniza\u00e7\u00e3o de cerca de 900 mil euros que recebeu do Estado grego em 2002 foi totalmente doada para a funda\u00e7\u00e3o Mundo em Armonia, que criou em 1986 e encerrou no final de 2023, na altura em que se tornaram p\u00fablicas as quest\u00f5es de sa\u00fade de Irene. Uma das suas primeiras a\u00e7\u00f5es solid\u00e1rias \u00e0 frente da ONG foi embarcar num avi\u00e3o com quase 100 vacas, transportadas da Alemanha at\u00e9 a \u00cdndia. O objetivo: evitar que os animais fossem sacrificados por uma pol\u00edtica da Europa e pudessem alimentar a popula\u00e7\u00e3o no pa\u00eds onde viveu por mais de dez anos. \u201cAlguns v\u00e3o me chamar de \u2018a maluca das vacas\u2019, mas se vissem o que uma vaca leiteira significa para essas pessoas, todos elogiariam as minhas ideias malucas\u201d, disse a princesa Irene \u00e0 revista Hola! naquele ano. Entretanto, a funda\u00e7\u00e3o tamb\u00e9m centrou-se em apoiar projetos educativos, de luta contra a adi\u00e7\u00e3o em drogas e de suporte \u00e0 Cruz Vermelha em situa\u00e7\u00f5es de desastres naturais, como o sismo no Marrocos em 2023.<\/p>\n<p>\u00c0 parte das causas sociais e dos interesses pouco convencionais, a vida da princesa manteve-se privada. Sobre a sua sa\u00fade, sabe-se que em 2002 enfrentou um cancro da mama e passou por um tratamento de quimioterapia. Contudo, h\u00e1 quase tr\u00eas anos que o seu estado de sa\u00fade tem vindo a agravar-se, o que a imprensa espanhola diz ser uma doen\u00e7a cognitiva. Alguns \u00f3rg\u00e3os de comunica\u00e7\u00e3o social chegaram a alegar que Irene sofre de Alzheimer, entretanto a Casa Real nunca confirmou o diagn\u00f3stico. De acordo com a jornalista espanhola especializada em realeza Pilar Eyre, Sofia transformou o apartamento da irm\u00e3 \u201cnum pequeno hospital com enfermeiras a revezar dia e noite\u201d. \u201cA sua grande preocupa\u00e7\u00e3o \u00e9 que a sua irm\u00e3 v\u00e1 embora quando ela n\u00e3o estiver por perto, por isso prefere cuidar dela em casa\u201d,<a href=\"https:\/\/www.lecturas.com\/realeza\/gran-preocupacion-reina-sofia-es-que-su-hermana-irene-se-vaya-cuando-ella-no-este-delante_187144\" target=\"_blank\" rel=\"noopener nofollow\"> diz a jornalista, em declara\u00e7\u00f5es ao Lecturas<\/a>. \u201cIrene n\u00e3o sofre, mas para Sofia \u00e9 muito dif\u00edcil assistir dia a dia a deteriora\u00e7\u00e3o impar\u00e1vel da sua irm\u00e3zinha.\u201d<\/p>\n","protected":false},"excerpt":{"rendered":"Mas apesar da vida no Pal\u00e1cio em Madrid, preferiu seguir um estilo simples e discreto, com apari\u00e7\u00f5es p\u00fablicas&hellip;\n","protected":false},"author":2,"featured_media":228374,"comment_status":"","ping_status":"","sticky":false,"template":"","format":"standard","meta":{"footnotes":""},"categories":[85],"tags":[6516,211,114,115,186,32,33],"class_list":{"0":"post-228373","1":"post","2":"type-post","3":"status-publish","4":"format-standard","5":"has-post-thumbnail","7":"category-entretenimento","8":"tag-casas-reais","9":"tag-celebridades","10":"tag-entertainment","11":"tag-entretenimento","12":"tag-lifestyle","13":"tag-portugal","14":"tag-pt"},"share_on_mastodon":{"url":"https:\/\/pubeurope.com\/@pt\/115893845609406525","error":""},"_links":{"self":[{"href":"https:\/\/www.europesays.com\/pt\/wp-json\/wp\/v2\/posts\/228373","targetHints":{"allow":["GET"]}}],"collection":[{"href":"https:\/\/www.europesays.com\/pt\/wp-json\/wp\/v2\/posts"}],"about":[{"href":"https:\/\/www.europesays.com\/pt\/wp-json\/wp\/v2\/types\/post"}],"author":[{"embeddable":true,"href":"https:\/\/www.europesays.com\/pt\/wp-json\/wp\/v2\/users\/2"}],"replies":[{"embeddable":true,"href":"https:\/\/www.europesays.com\/pt\/wp-json\/wp\/v2\/comments?post=228373"}],"version-history":[{"count":0,"href":"https:\/\/www.europesays.com\/pt\/wp-json\/wp\/v2\/posts\/228373\/revisions"}],"wp:featuredmedia":[{"embeddable":true,"href":"https:\/\/www.europesays.com\/pt\/wp-json\/wp\/v2\/media\/228374"}],"wp:attachment":[{"href":"https:\/\/www.europesays.com\/pt\/wp-json\/wp\/v2\/media?parent=228373"}],"wp:term":[{"taxonomy":"category","embeddable":true,"href":"https:\/\/www.europesays.com\/pt\/wp-json\/wp\/v2\/categories?post=228373"},{"taxonomy":"post_tag","embeddable":true,"href":"https:\/\/www.europesays.com\/pt\/wp-json\/wp\/v2\/tags?post=228373"}],"curies":[{"name":"wp","href":"https:\/\/api.w.org\/{rel}","templated":true}]}}