{"id":228379,"date":"2026-01-14T14:11:07","date_gmt":"2026-01-14T14:11:07","guid":{"rendered":"https:\/\/www.europesays.com\/pt\/228379\/"},"modified":"2026-01-14T14:11:07","modified_gmt":"2026-01-14T14:11:07","slug":"inspetor-da-asae-baleou-rival-com-arma-de-servico","status":"publish","type":"post","link":"https:\/\/www.europesays.com\/pt\/228379\/","title":{"rendered":"Inspetor da ASAE baleou rival com arma de servi\u00e7o"},"content":{"rendered":"<p data-remotead-prev-elm=\"true\" data-remotead-elm-id=\"inread\">O inspetor usou a arma de servi\u00e7o para atingir o alegado rival a tiro na rua e fugiu do local. De acordo com a PSP de Leiria, o suspeito, que &#8220;est\u00e1 bem inserido na sociedade&#8221;, entregou-se na esquadra da PSP da Marinha Grande, no distrito de Leiria, logo ap\u00f3s o alegado disparo.<\/p>\n<p>A v\u00edtima ficou com ferimentos profundos num bra\u00e7o e, \u00e0 chegada dos Bombeiros da Marinha Grande, estava orientada e consciente. A v\u00edtima foi transportada para o Hospital de Santo Andr\u00e9, em Leiria, classificada como um ferido ligeiro.<\/p>\n<p>Por se tratar de uma tentativa de homic\u00eddio, o caso passou para al\u00e7ada da PJ de Leiria que efetuou a deten\u00e7\u00e3o e deve levar o inspetor ao tribunal esta quarta-feira para ser submetido a primeiro interrogat\u00f3rio judicial.<\/p>\n","protected":false},"excerpt":{"rendered":"O inspetor usou a arma de servi\u00e7o para atingir o alegado rival a tiro na rua e fugiu&hellip;\n","protected":false},"author":2,"featured_media":228380,"comment_status":"","ping_status":"","sticky":false,"template":"","format":"standard","meta":{"footnotes":""},"categories":[10],"tags":[27,28,15,16,14,603,25,26,21,22,10420,12,13,19,20,4107,43880,32,23,24,33,25735,17,18,29,30,31],"class_list":{"0":"post-228379","1":"post","2":"type-post","3":"status-publish","4":"format-standard","5":"has-post-thumbnail","7":"category-portugal","8":"tag-breaking-news","9":"tag-breakingnews","10":"tag-featured-news","11":"tag-featurednews","12":"tag-headlines","13":"tag-justica","14":"tag-latest-news","15":"tag-latestnews","16":"tag-main-news","17":"tag-mainnews","18":"tag-marinha-grande","19":"tag-news","20":"tag-noticias","21":"tag-noticias-principais","22":"tag-noticiasprincipais","23":"tag-pj","24":"tag-pj-leiria","25":"tag-portugal","26":"tag-principais-noticias","27":"tag-principaisnoticias","28":"tag-pt","29":"tag-tentativa-de-homicidio","30":"tag-top-stories","31":"tag-topstories","32":"tag-ultimas","33":"tag-ultimas-noticias","34":"tag-ultimasnoticias"},"share_on_mastodon":{"url":"https:\/\/pubeurope.com\/@pt\/115893861308654057","error":""},"_links":{"self":[{"href":"https:\/\/www.europesays.com\/pt\/wp-json\/wp\/v2\/posts\/228379","targetHints":{"allow":["GET"]}}],"collection":[{"href":"https:\/\/www.europesays.com\/pt\/wp-json\/wp\/v2\/posts"}],"about":[{"href":"https:\/\/www.europesays.com\/pt\/wp-json\/wp\/v2\/types\/post"}],"author":[{"embeddable":true,"href":"https:\/\/www.europesays.com\/pt\/wp-json\/wp\/v2\/users\/2"}],"replies":[{"embeddable":true,"href":"https:\/\/www.europesays.com\/pt\/wp-json\/wp\/v2\/comments?post=228379"}],"version-history":[{"count":0,"href":"https:\/\/www.europesays.com\/pt\/wp-json\/wp\/v2\/posts\/228379\/revisions"}],"wp:featuredmedia":[{"embeddable":true,"href":"https:\/\/www.europesays.com\/pt\/wp-json\/wp\/v2\/media\/228380"}],"wp:attachment":[{"href":"https:\/\/www.europesays.com\/pt\/wp-json\/wp\/v2\/media?parent=228379"}],"wp:term":[{"taxonomy":"category","embeddable":true,"href":"https:\/\/www.europesays.com\/pt\/wp-json\/wp\/v2\/categories?post=228379"},{"taxonomy":"post_tag","embeddable":true,"href":"https:\/\/www.europesays.com\/pt\/wp-json\/wp\/v2\/tags?post=228379"}],"curies":[{"name":"wp","href":"https:\/\/api.w.org\/{rel}","templated":true}]}}