{"id":228381,"date":"2026-01-14T14:12:08","date_gmt":"2026-01-14T14:12:08","guid":{"rendered":"https:\/\/www.europesays.com\/pt\/228381\/"},"modified":"2026-01-14T14:12:08","modified_gmt":"2026-01-14T14:12:08","slug":"governo-mantem-aumentos-salariais-e-frente-comum-nao-assina-acordo-funcao-publica","status":"publish","type":"post","link":"https:\/\/www.europesays.com\/pt\/228381\/","title":{"rendered":"Governo mant\u00e9m aumentos salariais e Frente Comum n\u00e3o assina acordo &#8211; Fun\u00e7\u00e3o P\u00fablica"},"content":{"rendered":"<p class=\"\">&#13;<br \/>\n        No final da sexta reuni\u00e3o de negocia\u00e7\u00f5es com os sindicatos da Fun\u00e7\u00e3o P\u00fablica, encontros que decorrem desde o final de setembro, o Governo <b>manteve a proposta de aumentos salariais e de subida do subs\u00eddio de refei\u00e7\u00e3o para 6,15 euros por cada dia trabalho este ano<\/b>, segundo disse aos jornalistas Sebasti\u00e3o Santana, da Frente Comum, <b>estrutura da CGTP que n\u00e3o vai assinar acordo com o Executivo<\/b>.&#13;\n    <\/p>\n<p class=\"\">&#13;<br \/>\n        \u201c<b>A proposta do Governo em termos remunerat\u00f3rios n\u00e3o mexeu uma v\u00edrgula em rela\u00e7\u00e3o ao que tinha sido apresentado<\/b>\u201d, disse aos jornalistas Sebasti\u00e3o Santana no final de mais uma reuni\u00e3o com a secret\u00e1ria de Estado da Administra\u00e7\u00e3o P\u00fablica, Marisa Garrido. Mant\u00e9m-se, segundo explicou, a proposta de aumentos transversais de 56,58 euros (com um m\u00ednimo de 2,15%) e a subida do subs\u00eddio de refei\u00e7\u00e3o para 6,15 euros este ano. \u201cO Governo mant\u00e9m uma proposta de quinze c\u00eantimos de aumento por dia\u201d.&#13;\n    <\/p>\n<p class=\"\">&#13;<br \/>\n        A subida do valor pago aos funcion\u00e1rios p\u00fablicos <b>aumenta o limiar de isen\u00e7\u00e3o de IRS do setor privado<\/b>, que tamb\u00e9m sobe para 6,15 euros. No caso de subs\u00eddios de refei\u00e7\u00e3o pagos em cart\u00e3o <a href=\"https:\/\/www.jornaldenegocios.pt\/economia\/funcao-publica\/detalhe\/subsidio-de-refeicao-isento-de-irs-deve-subir-para-10-46-euros\" target=\"_self\" rel=\"tag nofollow noopener\">o valor isento aumenta para 10,46 euros<\/a>.&#13;\n    <\/p>\n<p class=\"\">&#13;<br \/>\n        De acordo com o respons\u00e1vel, a inten\u00e7\u00e3o do Governo \u00e9 fechar as negocia\u00e7\u00f5es com estes valores, a n\u00e3o ser que alguma das outras estruturas sindicais pe\u00e7a uma reuni\u00e3o suplementar. A estrutura da CGTP n\u00e3o dar\u00e1 acordo \u00e0 extens\u00e3o do entendimento alcan\u00e7ado em 2024 com as estruturas da UGT, que inicialmente terminava em 2028, mas que o Governo prop\u00f5e que seja estendido com compromissos at\u00e9 2029, o horizonte da nova legislatura.&#13;\n    <\/p>\n<p class=\"\">&#13;<br \/>\n        Sem inten\u00e7\u00e3o de pedir uma reuni\u00e3o suplementar, a Frente Comum pede antes que se abra \u201cum outro processo negocial\u201d para um aumento intercalar de sal\u00e1rios, para a revis\u00e3o do sistema de avalia\u00e7\u00e3o, para a valoriza\u00e7\u00e3o das carreiras gerais e especiais \u2013\u201cn\u00e3o \u00e9 \u00e0 toa que temos servi\u00e7os p\u00fablicos que n\u00e3o conseguem contratar pessoas e outros, nomeadamente no SNS, de onde os trabalhadores fogem assim que podem\u201d\u00a0\u2013 ou para a participa\u00e7\u00e3o dos trabalhadores na escolha dos dirigentes.&#13;\n    <\/p>\n<p class=\"\">&#13;<br \/>\n        \u201cSe os trabalhadores da administra\u00e7\u00e3o p\u00fablica tivessem um papel diferente na gest\u00e3o dos servi\u00e7os, como n\u00f3s defendemos, com chefias que n\u00e3o sejam nomeadas politicamente mas que sejam eleitas entre os seus pares, e por concurso, com compet\u00eancia para chefiar, n\u00f3s hoje n\u00e3o est\u00e1vamos perante um conjunto de problemas enormes em muitos setores\u201d, defendeu.&#13;\n    <\/p>\n<p class=\"\">&#13;<br \/>\n        (Not\u00edcia em atualiza\u00e7\u00e3o)&#13;\n    <\/p>\n","protected":false},"excerpt":{"rendered":"&#13; No final da sexta reuni\u00e3o de negocia\u00e7\u00f5es com os sindicatos da Fun\u00e7\u00e3o P\u00fablica, encontros que decorrem desde&hellip;\n","protected":false},"author":2,"featured_media":228382,"comment_status":"","ping_status":"","sticky":false,"template":"","format":"standard","meta":{"footnotes":""},"categories":[8],"tags":[27,28,15,16,14,25,26,21,22,12,13,19,20,32,23,24,33,40619,27446,2393,17,18,29,30,31],"class_list":{"0":"post-228381","1":"post","2":"type-post","3":"status-publish","4":"format-standard","5":"has-post-thumbnail","7":"category-principais-noticias","8":"tag-breaking-news","9":"tag-breakingnews","10":"tag-featured-news","11":"tag-featurednews","12":"tag-headlines","13":"tag-latest-news","14":"tag-latestnews","15":"tag-main-news","16":"tag-mainnews","17":"tag-news","18":"tag-noticias","19":"tag-noticias-principais","20":"tag-noticiasprincipais","21":"tag-portugal","22":"tag-principais-noticias","23":"tag-principaisnoticias","24":"tag-pt","25":"tag-salarios-e-beneficios","26":"tag-servicos-publicos","27":"tag-sindicatos","28":"tag-top-stories","29":"tag-topstories","30":"tag-ultimas","31":"tag-ultimas-noticias","32":"tag-ultimasnoticias"},"share_on_mastodon":{"url":"https:\/\/pubeurope.com\/@pt\/115893865235029657","error":""},"_links":{"self":[{"href":"https:\/\/www.europesays.com\/pt\/wp-json\/wp\/v2\/posts\/228381","targetHints":{"allow":["GET"]}}],"collection":[{"href":"https:\/\/www.europesays.com\/pt\/wp-json\/wp\/v2\/posts"}],"about":[{"href":"https:\/\/www.europesays.com\/pt\/wp-json\/wp\/v2\/types\/post"}],"author":[{"embeddable":true,"href":"https:\/\/www.europesays.com\/pt\/wp-json\/wp\/v2\/users\/2"}],"replies":[{"embeddable":true,"href":"https:\/\/www.europesays.com\/pt\/wp-json\/wp\/v2\/comments?post=228381"}],"version-history":[{"count":0,"href":"https:\/\/www.europesays.com\/pt\/wp-json\/wp\/v2\/posts\/228381\/revisions"}],"wp:featuredmedia":[{"embeddable":true,"href":"https:\/\/www.europesays.com\/pt\/wp-json\/wp\/v2\/media\/228382"}],"wp:attachment":[{"href":"https:\/\/www.europesays.com\/pt\/wp-json\/wp\/v2\/media?parent=228381"}],"wp:term":[{"taxonomy":"category","embeddable":true,"href":"https:\/\/www.europesays.com\/pt\/wp-json\/wp\/v2\/categories?post=228381"},{"taxonomy":"post_tag","embeddable":true,"href":"https:\/\/www.europesays.com\/pt\/wp-json\/wp\/v2\/tags?post=228381"}],"curies":[{"name":"wp","href":"https:\/\/api.w.org\/{rel}","templated":true}]}}