{"id":228383,"date":"2026-01-14T14:13:10","date_gmt":"2026-01-14T14:13:10","guid":{"rendered":"https:\/\/www.europesays.com\/pt\/228383\/"},"modified":"2026-01-14T14:13:10","modified_gmt":"2026-01-14T14:13:10","slug":"esta-e-a-doenca-com-que-joana-darc-luta-diariamente-na-1-a-companhia-e-muito-complicada-dois-as-10","status":"publish","type":"post","link":"https:\/\/www.europesays.com\/pt\/228383\/","title":{"rendered":"Esta \u00e9 a doen\u00e7a com que Joana D\u2019Arc luta diariamente na 1.\u00aa Companhia: \u00ab\u00c9 muito complicada\u00bb &#8211; Dois \u00e0s 10"},"content":{"rendered":"<p>                        A hist\u00f3ria de vida de Joana D&#8217;Arc vai muito al\u00e9m dos palcos. A recruta da \u00ab1.\u00aa Companhia\u00bb tem sido um exemplo para os colegas.<\/p>\n<p data-end=\"377\" data-start=\"0\">Joana D\u2019Arc \u00e9 uma das concorrentes da terceira edi\u00e7\u00e3o de <strong data-end=\"76\" data-start=\"57\">\u201c1.\u00aa Companhia\u201d<\/strong>, mas a sua hist\u00f3ria de vida vai muito al\u00e9m do reality show da TVI. A cantora tinha apenas <strong data-end=\"178\" data-start=\"167\">16 anos<\/strong> quando come\u00e7ou a sentir os primeiros sintomas de uma doen\u00e7a que viria a mudar-lhe a vida. Um ano depois, chegou o diagn\u00f3stico: <strong data-end=\"328\" data-start=\"306\">artrite reumatoide<\/strong>, uma condi\u00e7\u00e3o cr\u00f3nica, dolorosa e incapacitante.<\/p>\n<p data-end=\"755\" data-start=\"379\">No ver\u00e3o de 2024, Joana D\u2019Arc falou abertamente sobre a doen\u00e7a numa entrevista a <strong data-end=\"482\" data-start=\"460\">Manuel Lu\u00eds Goucha<\/strong>, no ent\u00e3o programa Goucha. <strong>\u201c\u00c9 uma doen\u00e7a muito complicada. Efetivamente, d\u00e1 muita dor, porque as articula\u00e7\u00f5es est\u00e3o sempre muito inflamadas. Estou acompanhada, fa\u00e7o medica\u00e7\u00e3o di\u00e1ria\u2026 \u00c9 uma doen\u00e7a di\u00e1ria, mas \u00e9 uma doen\u00e7a que pode ter algum controlo\u201d<\/strong>, explicou na altura.<\/p>\n<p data-end=\"1188\" data-start=\"757\">O in\u00edcio foi marcado por sustos e incertezas. <strong>\u201cCom 16 anos comecei com os primeiros sintomas. Ia para a escola normalmente, lembro-me que era Dia dos Namorados, acordei, coloquei os p\u00e9s no ch\u00e3o e tombei. Os tornozelos estavam t\u00e3o inchados que ca\u00ed para a frente\u201d,<\/strong> recordou. Seguiram-se meses de idas \u00e0s urg\u00eancias, exames e epis\u00f3dios cada vez mais frequentes, at\u00e9 que, cerca de um ano depois, o diagn\u00f3stico foi finalmente confirmado.<\/p>\n<p data-end=\"1634\" data-start=\"1190\">Ao longo do percurso, Joana D\u2019Arc enfrentou v\u00e1rias cirurgias e limita\u00e7\u00f5es f\u00edsicas. <strong>\u201cTenho pr\u00f3tese na anca, tenho tamb\u00e9m nos dedos das m\u00e3os, o meu p\u00e9 direito n\u00e3o tem praticamente mobilidade alguma\u201d<\/strong>, revelou. Ainda assim, nunca deixou que a doen\u00e7a a definisse. <strong>\u201cA doen\u00e7a nunca me impediu de fazer nada, enquanto cantora, mulher ou pessoa. O palco \u00e9 o \u00fanico s\u00edtio onde n\u00e3o tenho dores: salto, canto e dan\u00e7o, l\u00e1 sou uma mulher saud\u00e1vel\u201d<\/strong>, confessou.<\/p>\n<p data-end=\"2000\" data-start=\"1636\">Num v\u00eddeo exibido antes da entrevista com Goucha, a artista admitiu que, inicialmente, desvalorizou os sinais. <strong>\u201cPensei: \u2018vou tomar os comprimidos e vai ficar tudo bem\u2019. S\u00f3 que isso n\u00e3o aconteceu. Senti-me frustrada\u201d,<\/strong> contou, acrescentando que foi uma conversa com o m\u00e9dico que a ajudou a aceitar a realidade: podia fazer tudo na vida, desde que aceitasse a doen\u00e7a.<\/p>\n<p data-end=\"2428\" data-start=\"2002\">A entrega ao trabalho e \u00e0 m\u00fasica sempre falou mais alto. Um exemplo disso foi quando, ap\u00f3s uma cirurgia \u00e0 anca realizada num domingo, subiu ao palco na quinta-feira seguinte para atuar numa festa em Esposende, tamb\u00e9m para proteger todos os profissionais envolvidos no espet\u00e1culo. <strong>\u201cQuando estou no palco, esque\u00e7o-me das dores. Mas as dores existem, n\u00e3o vou ser hip\u00f3crita. Quem tem artrite reumatoide tem sempre dores\u201d,<\/strong> assumiu.<\/p>\n<p data-end=\"2645\" data-start=\"2430\">Na mais recente gala da <strong data-end=\"2473\" data-start=\"2454\">\u201c1.\u00aa Companhia\u201d<\/strong>, o esfor\u00e7o, a resili\u00eancia e a postura de Joana D\u2019Arc foram amplamente reconhecidos pelos colegas, fatores determinantes para ter sido escolhida como <strong data-end=\"2642\" data-start=\"2623\">melhor camarada<\/strong>.<\/p>\n<p data-end=\"3054\" data-start=\"2647\">No\u00e9lia Pereira destacou o exemplo da cantora: \u201c<strong>A Joana \u00e9 um exemplo para muita gente aqui. Ela tem limita\u00e7\u00f5es, n\u00e3o se queixa e faz. Outros n\u00e3o t\u00eam limita\u00e7\u00f5es nenhumas e queixam-se\u201d<\/strong>. Tamb\u00e9m Soraia Carrega elogiou a for\u00e7a da colega: \u201c\u00c9 de uma for\u00e7a que espero um dia vir a ter\u201d. J\u00e1 Sara Santos refor\u00e7ou: <strong>\u201cEla aqui n\u00e3o se queixa. Levanta-se todos os dias \u00e0 mesma hora que n\u00f3s e \u00e9 um grande exemplo para todos\u201d.<\/strong><\/p>\n<p data-end=\"3181\" data-is-last-node=\"\" data-is-only-node=\"\" data-start=\"3056\">Uma hist\u00f3ria de supera\u00e7\u00e3o, coragem e amor \u00e0 vida que continua a marcar quem acompanha Joana D\u2019Arc dentro e fora da televis\u00e3o.<\/p>\n","protected":false},"excerpt":{"rendered":"A hist\u00f3ria de vida de Joana D&#8217;Arc vai muito al\u00e9m dos palcos. A recruta da \u00ab1.\u00aa Companhia\u00bb tem&hellip;\n","protected":false},"author":2,"featured_media":228384,"comment_status":"","ping_status":"","sticky":false,"template":"","format":"standard","meta":{"footnotes":""},"categories":[145],"tags":[31659,43881,211,210,329,166,3412,3406,3409,801,3410,3411,3407,3408,114,115,42995,3413,338,32,33],"class_list":{"0":"post-228383","1":"post","2":"type-post","3":"status-publish","4":"format-standard","5":"has-post-thumbnail","7":"category-celebridades","8":"tag-1-a-companhia","9":"tag-artrite-reumatoide","10":"tag-celebridades","11":"tag-celebrities","12":"tag-claudio-ramos","13":"tag-cristina-ferreira","14":"tag-dois-10","15":"tag-dois-a-s-10-dois-a-s-10","16":"tag-dois-a-s-dez","17":"tag-dois-as-10","18":"tag-dois-as-dez","19":"tag-dois-dez","20":"tag-doisas10","21":"tag-doisasdez","22":"tag-entertainment","23":"tag-entretenimento","24":"tag-joana-darc","25":"tag-manha-tvi","26":"tag-maria-botelho-moniz","27":"tag-portugal","28":"tag-pt"},"share_on_mastodon":{"url":"https:\/\/pubeurope.com\/@pt\/115893869154432591","error":""},"_links":{"self":[{"href":"https:\/\/www.europesays.com\/pt\/wp-json\/wp\/v2\/posts\/228383","targetHints":{"allow":["GET"]}}],"collection":[{"href":"https:\/\/www.europesays.com\/pt\/wp-json\/wp\/v2\/posts"}],"about":[{"href":"https:\/\/www.europesays.com\/pt\/wp-json\/wp\/v2\/types\/post"}],"author":[{"embeddable":true,"href":"https:\/\/www.europesays.com\/pt\/wp-json\/wp\/v2\/users\/2"}],"replies":[{"embeddable":true,"href":"https:\/\/www.europesays.com\/pt\/wp-json\/wp\/v2\/comments?post=228383"}],"version-history":[{"count":0,"href":"https:\/\/www.europesays.com\/pt\/wp-json\/wp\/v2\/posts\/228383\/revisions"}],"wp:featuredmedia":[{"embeddable":true,"href":"https:\/\/www.europesays.com\/pt\/wp-json\/wp\/v2\/media\/228384"}],"wp:attachment":[{"href":"https:\/\/www.europesays.com\/pt\/wp-json\/wp\/v2\/media?parent=228383"}],"wp:term":[{"taxonomy":"category","embeddable":true,"href":"https:\/\/www.europesays.com\/pt\/wp-json\/wp\/v2\/categories?post=228383"},{"taxonomy":"post_tag","embeddable":true,"href":"https:\/\/www.europesays.com\/pt\/wp-json\/wp\/v2\/tags?post=228383"}],"curies":[{"name":"wp","href":"https:\/\/api.w.org\/{rel}","templated":true}]}}