{"id":228393,"date":"2026-01-14T14:21:12","date_gmt":"2026-01-14T14:21:12","guid":{"rendered":"https:\/\/www.europesays.com\/pt\/228393\/"},"modified":"2026-01-14T14:21:12","modified_gmt":"2026-01-14T14:21:12","slug":"vem-ai-em-amor-a-prova-domingos-destroi-o-coracao-de-cris-novelas","status":"publish","type":"post","link":"https:\/\/www.europesays.com\/pt\/228393\/","title":{"rendered":"Vem a\u00ed em \u00abAmor \u00e0 Prova\u00bb: Domingos destr\u00f3i o cora\u00e7\u00e3o de Cris &#8211; Novelas"},"content":{"rendered":"<p>Em \u00abAmor \u00e0 Prova\u00bb, S\u00e3o (Sofia Grillo) continua preocupada com o casamento de <a href=\"https:\/\/tvi.iol.pt\/novelas\/videos\/amor-a-prova-cris-fica-um-farrapo-a-unica-coisa-que-quero-e-ser-outra-pessoa\/695e88dc0cf2b450a146723c\" rel=\"nofollow noopener\" target=\"_blank\">Cris (Jos\u00e9 Condessa)<\/a>\u00a0e <a href=\"https:\/\/tvi.iol.pt\/novelas\/videos\/amor-a-prova-sara-pede-cris-em-casamento\/695e88f90cf22dd7c7f51547\" rel=\"nofollow noopener\" target=\"_blank\">Sara (Joana de Verona)<\/a>, pois acha que eles se est\u00e3o a precipitar. Nelson concorda e preocupa-o sobretudo que Cris n\u00e3o tenha dinheiro para dar a Sara a vida que ela merece. Cris chega e diz que agora o passatempo preferido dele \u00e9 ter problemas. Domingos (Jo\u00e3o Lagarto) vai atr\u00e1s do filho para saber o que se passa.<\/p>\n<p>Cris conta ao pai que <a href=\"https:\/\/tvi.iol.pt\/novelas\/videos\/mas-noticias-em-amor-a-prova-o-nico-tem-leucemia\/695b902a0cf2559133785e49\" rel=\"nofollow noopener\" target=\"_blank\">Tom\u00e1s (Jo\u00e3o Jesus)<\/a>\u00a0foi \u00e0 oficina e lhe ofereceu dinheiro para ficar longe de <a href=\"https:\/\/tvi.iol.pt\/novelas\/videos\/amor-a-prova-nico-sofre-um-acidente-enquanto-festeja-o-seu-aniversario\/695b90820cf2c7eb24469b0d\" rel=\"nofollow noopener\" target=\"_blank\">Nico (Salvador Biernat)<\/a>. Domingos n\u00e3o fica surpreendido, pois \u00e9 assim que os ricos resolvem os problemas. Cris conta que esteve com Nico e que tem os mesmos gostos que ele. Domingos afirma que pai \u00e9 quem cria com amor e para Nico o pai dele \u00e9 Tom\u00e1s.<\/p>\n<p>Recorde-se que tudo mudou a partir do momento em que Cris viu o filho pela primeira vez:<\/p>\n","protected":false},"excerpt":{"rendered":"Em \u00abAmor \u00e0 Prova\u00bb, S\u00e3o (Sofia Grillo) continua preocupada com o casamento de Cris (Jos\u00e9 Condessa)\u00a0e Sara (Joana&hellip;\n","protected":false},"author":2,"featured_media":228394,"comment_status":"","ping_status":"","sticky":false,"template":"","format":"standard","meta":{"footnotes":""},"categories":[85],"tags":[17049,160,41057,166,9160,114,115,157,167,43886,8203,164,161,158,165,159,32,33,156,163,162],"class_list":{"0":"post-228393","1":"post","2":"type-post","3":"status-publish","4":"format-standard","5":"has-post-thumbnail","7":"category-entretenimento","8":"tag-amor-a-prova","9":"tag-ana-guiomar","10":"tag-cris","11":"tag-cristina-ferreira","12":"tag-domingos","13":"tag-entertainment","14":"tag-entretenimento","15":"tag-festa-e-festa","16":"tag-ficcao","17":"tag-joao-lagarto","18":"tag-jose-condessa","19":"tag-jose-fidalgo","20":"tag-novelas","21":"tag-para-sempre","22":"tag-pedro-sousa","23":"tag-pedro-teixeira","24":"tag-portugal","25":"tag-pt","26":"tag-queridos-papas","27":"tag-tiago-teotonio-pereira","28":"tag-tvi"},"share_on_mastodon":{"url":"https:\/\/pubeurope.com\/@pt\/115893900689230415","error":""},"_links":{"self":[{"href":"https:\/\/www.europesays.com\/pt\/wp-json\/wp\/v2\/posts\/228393","targetHints":{"allow":["GET"]}}],"collection":[{"href":"https:\/\/www.europesays.com\/pt\/wp-json\/wp\/v2\/posts"}],"about":[{"href":"https:\/\/www.europesays.com\/pt\/wp-json\/wp\/v2\/types\/post"}],"author":[{"embeddable":true,"href":"https:\/\/www.europesays.com\/pt\/wp-json\/wp\/v2\/users\/2"}],"replies":[{"embeddable":true,"href":"https:\/\/www.europesays.com\/pt\/wp-json\/wp\/v2\/comments?post=228393"}],"version-history":[{"count":0,"href":"https:\/\/www.europesays.com\/pt\/wp-json\/wp\/v2\/posts\/228393\/revisions"}],"wp:featuredmedia":[{"embeddable":true,"href":"https:\/\/www.europesays.com\/pt\/wp-json\/wp\/v2\/media\/228394"}],"wp:attachment":[{"href":"https:\/\/www.europesays.com\/pt\/wp-json\/wp\/v2\/media?parent=228393"}],"wp:term":[{"taxonomy":"category","embeddable":true,"href":"https:\/\/www.europesays.com\/pt\/wp-json\/wp\/v2\/categories?post=228393"},{"taxonomy":"post_tag","embeddable":true,"href":"https:\/\/www.europesays.com\/pt\/wp-json\/wp\/v2\/tags?post=228393"}],"curies":[{"name":"wp","href":"https:\/\/api.w.org\/{rel}","templated":true}]}}