{"id":228395,"date":"2026-01-14T14:22:13","date_gmt":"2026-01-14T14:22:13","guid":{"rendered":"https:\/\/www.europesays.com\/pt\/228395\/"},"modified":"2026-01-14T14:22:13","modified_gmt":"2026-01-14T14:22:13","slug":"missao-da-nasa-deve-iniciar-procedimentos-para-retorno-antecipado-a-terra-nesta-quarta-feira","status":"publish","type":"post","link":"https:\/\/www.europesays.com\/pt\/228395\/","title":{"rendered":"Miss\u00e3o da Nasa deve iniciar procedimentos para retorno antecipado \u00e0 Terra nesta quarta-feira"},"content":{"rendered":"<p data-component-name=\"paragraph\" class=\"styles__ParagraphStyled-sc-6adecn-0 gsLklW  \">Membros da miss\u00e3o <strong>Crew-11 <\/strong>da <a href=\"https:\/\/www.estadao.com.br\/tudo-sobre\/nasa-agencia-aeroespacial-dos-estados-unidos\/?srsltid=AfmBOoq5v6rnjsdTN77FkYAHXPZGgBaDahPSe2h-BaUBIQP4XCNyN5Mu\" target=\"_blank\" rel=\"nofollow noopener\" title=\"https:\/\/www.estadao.com.br\/tudo-sobre\/nasa-agencia-aeroespacial-dos-estados-unidos\/?srsltid=AfmBOoq5v6rnjsdTN77FkYAHXPZGgBaDahPSe2h-BaUBIQP4XCNyN5Mu\"><strong>Ag\u00eancia Aeroespacial dos Estados Unidos (Nasa)<\/strong><\/a> na Esta\u00e7\u00e3o Espacial Internacional (ISS) devem iniciar nesta quarta-feira, 14, o <strong>retorno antecipado \u00e0 Terra ap\u00f3s um dos astronautas apresentar complica\u00e7\u00f5es de sa\u00fade<\/strong>. Trata-se da primeira retirada m\u00e9dica realizada na ISS.<\/p>\n<p data-component-name=\"paragraph\" class=\"styles__ParagraphStyled-sc-6adecn-0 gsLklW  \">O diretor da Nasa, Jared Isaacman, anunciou na \u00faltima semana que a tripula\u00e7\u00e3o retornaria mais cedo do que o planejado devido a um problema m\u00e9dico. Embora n\u00e3o tenha fornecido detalhes, ele afirmou que <strong>o astronauta afetado est\u00e1 est\u00e1vel<\/strong>.<\/p>\n<p><img  loading=\"lazy\" class=\"lazy-load-img\"\/><\/p>\n<p>A Esta\u00e7\u00e3o Espacial Internacional vista do \u00f4nibus espacial Atlantis em 19 de julho de 2011, ap\u00f3s deixar o complexo orbital.\u00a0Foto:  Nasa via AP<\/p>\n<p>Autoridades da Nasa afirmaram que <strong>n\u00e3o se trata de uma emerg\u00eancia a bordo, mas que estavam \u201cagindo com cautela em rela\u00e7\u00e3o ao membro da tripula\u00e7\u00e3o\u201d<\/strong>. A identidade do astronauta e a natureza do problema de sa\u00fade n\u00e3o foram divulgadas, em respeito \u00e0 privacidade do paciente.<\/p>\n<p>A miss\u00e3o conta com <strong>Zena Cardman<\/strong> e <strong>Mike Fincke<\/strong>, da Nasa, <strong>Kimi Yui<\/strong>, da Ag\u00eancia de Explora\u00e7\u00e3o Espacial do Jap\u00e3o (JAXA), e <strong>Oleg Platonov<\/strong>, da Roscosmos. <\/p>\n<p data-component-name=\"paragraph\" class=\"styles__ParagraphStyled-sc-6adecn-0 gsLklW  \">\u201cA Nasa e a SpaceX planejam desacoplar a Tripula\u00e7\u00e3o 11 da Esta\u00e7\u00e3o Espacial Internacional a partir das 17h (hor\u00e1rio local) do dia 14 de janeiro, com um <strong>pouso previsto para a madrugada do dia 15 de janeiro<\/strong>, na costa da Calif\u00f3rnia, se as condi\u00e7\u00f5es clim\u00e1ticas e de recupera\u00e7\u00e3o permitirem\u201d, disse a ag\u00eancia em uma publica\u00e7\u00e3o no X.<\/p>\n","protected":false},"excerpt":{"rendered":"Membros da miss\u00e3o Crew-11 da Ag\u00eancia Aeroespacial dos Estados Unidos (Nasa) na Esta\u00e7\u00e3o Espacial Internacional (ISS) devem iniciar&hellip;\n","protected":false},"author":2,"featured_media":221464,"comment_status":"","ping_status":"","sticky":false,"template":"","format":"standard","meta":{"footnotes":""},"categories":[84],"tags":[109,107,108,8117,32,33,105,103,104,106,110],"class_list":{"0":"post-228395","1":"post","2":"type-post","3":"status-publish","4":"format-standard","5":"has-post-thumbnail","7":"category-ciencia-e-tecnologia","8":"tag-ciencia","9":"tag-ciencia-e-tecnologia","10":"tag-cienciaetecnologia","11":"tag-iss","12":"tag-portugal","13":"tag-pt","14":"tag-science","15":"tag-science-and-technology","16":"tag-scienceandtechnology","17":"tag-technology","18":"tag-tecnologia"},"share_on_mastodon":{"url":"https:\/\/pubeurope.com\/@pt\/115893904630842628","error":""},"_links":{"self":[{"href":"https:\/\/www.europesays.com\/pt\/wp-json\/wp\/v2\/posts\/228395","targetHints":{"allow":["GET"]}}],"collection":[{"href":"https:\/\/www.europesays.com\/pt\/wp-json\/wp\/v2\/posts"}],"about":[{"href":"https:\/\/www.europesays.com\/pt\/wp-json\/wp\/v2\/types\/post"}],"author":[{"embeddable":true,"href":"https:\/\/www.europesays.com\/pt\/wp-json\/wp\/v2\/users\/2"}],"replies":[{"embeddable":true,"href":"https:\/\/www.europesays.com\/pt\/wp-json\/wp\/v2\/comments?post=228395"}],"version-history":[{"count":0,"href":"https:\/\/www.europesays.com\/pt\/wp-json\/wp\/v2\/posts\/228395\/revisions"}],"wp:featuredmedia":[{"embeddable":true,"href":"https:\/\/www.europesays.com\/pt\/wp-json\/wp\/v2\/media\/221464"}],"wp:attachment":[{"href":"https:\/\/www.europesays.com\/pt\/wp-json\/wp\/v2\/media?parent=228395"}],"wp:term":[{"taxonomy":"category","embeddable":true,"href":"https:\/\/www.europesays.com\/pt\/wp-json\/wp\/v2\/categories?post=228395"},{"taxonomy":"post_tag","embeddable":true,"href":"https:\/\/www.europesays.com\/pt\/wp-json\/wp\/v2\/tags?post=228395"}],"curies":[{"name":"wp","href":"https:\/\/api.w.org\/{rel}","templated":true}]}}