{"id":228402,"date":"2026-01-14T14:27:09","date_gmt":"2026-01-14T14:27:09","guid":{"rendered":"https:\/\/www.europesays.com\/pt\/228402\/"},"modified":"2026-01-14T14:27:09","modified_gmt":"2026-01-14T14:27:09","slug":"quatro-projetos-portugueses-em-destaque-no-festival-eurosonic","status":"publish","type":"post","link":"https:\/\/www.europesays.com\/pt\/228402\/","title":{"rendered":"quatro projetos portugueses em destaque no festival Eurosonic"},"content":{"rendered":"<p class=\"text-paragraph\">Na 40.\u00aa edi\u00e7\u00e3o do Eurosonic Noorderslag, que \u00e9 em simult\u00e2neo um festival de m\u00fasica e uma plataforma europeia de divulga\u00e7\u00e3o de m\u00fasica, com confer\u00eancias e encontros entre agentes da ind\u00fastria musical de todo o mundo, s\u00e3o 246 os artistas e bandas com atua\u00e7\u00f5es agendadas.<\/p>\n<p class=\"text-paragraph\">Entre as atua\u00e7\u00f5es, que se estendem at\u00e9 s\u00e1bado contam-se quatro projetos portugueses, de acordo com informa\u00e7\u00e3o dispon\u00edvel no &#8216;site&#8217; oficial da iniciativa.<\/p>\n<p class=\"text-paragraph\">Ana De Llor, nascida em Lisboa e radicada em Londres, define-se como \u201cuma artista avant-pop, que cria melodias sombrias e melanc\u00f3licas, impregnadas de um misticismo portugu\u00eas el\u00e9trico e exc\u00eantrico\u201d, segundo informa\u00e7\u00e3o dispon\u00edvel no seu &#8216;site&#8217; oficial. Artista \u201cqueer orgulhosa\u201d, tem um EP editado: \u201cNot Your Holy Ghost\u201d (2023).<\/p>\n<p class=\"text-paragraph\">Fidju Kitxora apresenta-se como \u201ccoletivo e projeto art\u00edstico\u201d, formado entre Cabo Verde e Lisboa, que \u201cconvoca na sua m\u00fasica as vozes passadas e presentes da di\u00e1spora\u201d.<\/p>\n<p class=\"text-paragraph\">O \u00e1lbum de estreia do projeto, \u201cRacodja\u201d, foi editado em 2024. Fidju Kitxora vai estar no Eurosonic a convite da r\u00e1dio p\u00fablica portuguesa Antena 3, uma das parceiras do festival.<\/p>\n<p class=\"text-paragraph\">Os portuenses Sunflowers surgiram em 2014, como dupla, formada por Carol Brand\u00e3o e Carlos de Jesus, a quem mais tarde de juntou Frederico Ferreira.<\/p>\n<p class=\"text-paragraph\">O EP de estreia, hom\u00f3nimo e gravado em casa, foi editado nesse ano. O segundo EP, \u201cGhosts, Witches and PB&amp;Js&#8221;, chegou em 2015 e o \u00e1lbum de estreia, \u201cThe Intergalactic Guide to Find the Red Cowboy&#8221;, em 2016.<\/p>\n<p class=\"text-paragraph\">No in\u00edcio de 2017, a ainda dupla assinou um contrato com a editora francesa Only Lovers, com vista \u00e0 reedi\u00e7\u00e3o do \u00e1lbum e a uma s\u00e9rie de concertos em Fran\u00e7a, antes do segundo \u00e1lbum de originais, \u201cCastle Spell\u201d (2018).<\/p>\n<p class=\"text-paragraph\">Seguiram-se \u201cEndless Voyage\u201d (2020), \u201cA Strange Feeling of Existential Angst\u201d (2023) e \u201cYou Have Fallen&#8230;Congratulations!\u201d, editado no ano passado.<\/p>\n<p class=\"text-paragraph\">Os Them Flying Monkeys s\u00e3o uma banda de Sintra, composta por cinco elementos, que editou o primeiro \u00e1lbum em 2017.<\/p>\n<p class=\"text-paragraph\">O segundo disco de originais da banda, \u201cUnder The Weather\u201d, data de 2020.<\/p>\n<p class=\"text-paragraph\">H\u00e1 um ano saiu o terceiro, \u201cBest Behavior\u201d, \u201cum \u00e1lbum ousado e inovador que combina a sua identidade rock contundente com uma nova dire\u00e7\u00e3o eletr\u00f3nica\u201d, l\u00ea-se no &#8216;site&#8217; do Eurosonic.<\/p>\n","protected":false},"excerpt":{"rendered":"Na 40.\u00aa edi\u00e7\u00e3o do Eurosonic Noorderslag, que \u00e9 em simult\u00e2neo um festival de m\u00fasica e uma plataforma europeia&hellip;\n","protected":false},"author":2,"featured_media":228403,"comment_status":"","ping_status":"","sticky":false,"template":"","format":"standard","meta":{"footnotes":""},"categories":[145],"tags":[211,210,114,115,32,33],"class_list":{"0":"post-228402","1":"post","2":"type-post","3":"status-publish","4":"format-standard","5":"has-post-thumbnail","7":"category-celebridades","8":"tag-celebridades","9":"tag-celebrities","10":"tag-entertainment","11":"tag-entretenimento","12":"tag-portugal","13":"tag-pt"},"share_on_mastodon":{"url":"https:\/\/pubeurope.com\/@pt\/115893924178529705","error":""},"_links":{"self":[{"href":"https:\/\/www.europesays.com\/pt\/wp-json\/wp\/v2\/posts\/228402","targetHints":{"allow":["GET"]}}],"collection":[{"href":"https:\/\/www.europesays.com\/pt\/wp-json\/wp\/v2\/posts"}],"about":[{"href":"https:\/\/www.europesays.com\/pt\/wp-json\/wp\/v2\/types\/post"}],"author":[{"embeddable":true,"href":"https:\/\/www.europesays.com\/pt\/wp-json\/wp\/v2\/users\/2"}],"replies":[{"embeddable":true,"href":"https:\/\/www.europesays.com\/pt\/wp-json\/wp\/v2\/comments?post=228402"}],"version-history":[{"count":0,"href":"https:\/\/www.europesays.com\/pt\/wp-json\/wp\/v2\/posts\/228402\/revisions"}],"wp:featuredmedia":[{"embeddable":true,"href":"https:\/\/www.europesays.com\/pt\/wp-json\/wp\/v2\/media\/228403"}],"wp:attachment":[{"href":"https:\/\/www.europesays.com\/pt\/wp-json\/wp\/v2\/media?parent=228402"}],"wp:term":[{"taxonomy":"category","embeddable":true,"href":"https:\/\/www.europesays.com\/pt\/wp-json\/wp\/v2\/categories?post=228402"},{"taxonomy":"post_tag","embeddable":true,"href":"https:\/\/www.europesays.com\/pt\/wp-json\/wp\/v2\/tags?post=228402"}],"curies":[{"name":"wp","href":"https:\/\/api.w.org\/{rel}","templated":true}]}}