{"id":228406,"date":"2026-01-14T14:31:08","date_gmt":"2026-01-14T14:31:08","guid":{"rendered":"https:\/\/www.europesays.com\/pt\/228406\/"},"modified":"2026-01-14T14:31:08","modified_gmt":"2026-01-14T14:31:08","slug":"grupo-hiper-de-comunicacao-assume-a-gestao-da-radio-verde-vale-fm-no-vale-de-braco-do-norte-sc","status":"publish","type":"post","link":"https:\/\/www.europesays.com\/pt\/228406\/","title":{"rendered":"Grupo Hiper de Comunica\u00e7\u00e3o assume a gest\u00e3o da R\u00e1dio Verde Vale FM no Vale de Bra\u00e7o do Norte (SC)"},"content":{"rendered":"<p>O <strong>Grupo Hiper de Comunica\u00e7\u00e3o<\/strong> passou a responder pela gest\u00e3o da <strong>R\u00e1dio Verde Vale FM 91.9 de Bra\u00e7o do Norte (SC)<\/strong>. A integra\u00e7\u00e3o ser\u00e1\u00a0oficializada a partir de fevereiro e amplia a atua\u00e7\u00e3o do grupo no Sul de Santa Catarina, fortalecendo a oferta de conte\u00fado regional com foco em jornalismo, entretenimento e presta\u00e7\u00e3o de servi\u00e7os.<\/p>\n<p>Fundada em 1985, a <strong>R\u00e1dio Verde Vale<\/strong> \u00e9 considerada uma das emissoras mais tradicionais do Vale de Bra\u00e7o do Norte, com trajet\u00f3ria marcada pela cobertura jornal\u00edstica local e esportiva. Em 2017, a esta\u00e7\u00e3o passou a operar em <strong>91.9 FM<\/strong>, ap\u00f3s o processo de migra\u00e7\u00e3o AM-FM, ampliando a qualidade de sua transmiss\u00e3o e alcance regional.<\/p>\n<p>A nova gest\u00e3o faz parte do plano de expans\u00e3o do <strong>Grupo Hiper<\/strong>, que iniciou suas atividades em 2009 com a implanta\u00e7\u00e3o da <strong>Hiperativa FM 96.7 de Bra\u00e7o do Norte<\/strong>. Em 2018, o grupo passou a operar tamb\u00e9m a <strong>Hiper FM 93.9 de Tubar\u00e3o<\/strong>, consolidando-se como um dos principais nomes da comunica\u00e7\u00e3o regional. Al\u00e9m das r\u00e1dios, o grupo tamb\u00e9m comanda o <strong>Portal Hora Hiper<\/strong> e a marca jornal\u00edstica <strong>Hora Hiper<\/strong>, voltadas \u00e0 cobertura de not\u00edcias locais.<\/p>\n<p style=\"text-align:center\"><img decoding=\"async\" alt=\"\" src=\"https:\/\/www.europesays.com\/pt\/wp-content\/uploads\/2026\/01\/69678fd7490cf.jpg\" style=\"height:384px; width:600px\" \/><br \/>&#13;<br \/>\nSede da Verde Vale FM &#8211; Foto: Reprodu\u00e7\u00e3o<\/p>\n<p>Outros bra\u00e7os do grupo incluem projetos como o <strong>HiperMotors<\/strong>, voltado ao segmento automotivo, e o <strong>HiperFeir\u00e3o<\/strong>, evento promocional que movimenta o com\u00e9rcio da regi\u00e3o. Segundo <strong>El\u00eddio Uliano<\/strong>, propriet\u00e1rio do <strong>Grupo Hiper<\/strong>, a chegada da <strong>R\u00e1dio Verde Vale<\/strong> refor\u00e7a o compromisso com a comunica\u00e7\u00e3o regional e abre novas oportunidades para ouvintes, anunciantes e parceiros.<\/p>\n<p>Com informa\u00e7\u00f5es do Hora Hiper<\/p>\n<p>\n\t\t\t\tA reprodu\u00e7\u00e3o das not\u00edcias e das pautas \u00e9 autorizada desde que contenha a assinatura &#8216;tudoradio.com&#8217;<\/p>\n<p>&#13;<br \/>\n\t\t\t\tTags:&#13;<br \/>\n\t\t\t\tr\u00e1dio verde vale, grupo hiper de comunica\u00e7\u00e3o, bra\u00e7o do norte, r\u00e1dios de santa catarina, migra\u00e7\u00e3o am-fm, expans\u00e3o regional, comunica\u00e7\u00e3o local&#13;\n\t\t\t<\/p>\n","protected":false},"excerpt":{"rendered":"O Grupo Hiper de Comunica\u00e7\u00e3o passou a responder pela gest\u00e3o da R\u00e1dio Verde Vale FM 91.9 de Bra\u00e7o&hellip;\n","protected":false},"author":2,"featured_media":228407,"comment_status":"","ping_status":"","sticky":false,"template":"","format":"standard","meta":{"footnotes":""},"categories":[141],"tags":[43891,43893,114,115,34185,43890,29485,149,150,32,33,43889,43892],"class_list":{"0":"post-228406","1":"post","2":"type-post","3":"status-publish","4":"format-standard","5":"has-post-thumbnail","7":"category-musica","8":"tag-braco-do-norte","9":"tag-comunicacao-local","10":"tag-entertainment","11":"tag-entretenimento","12":"tag-expansao-regional","13":"tag-grupo-hiper-de-comunicacao","14":"tag-migracao-am-fm","15":"tag-music","16":"tag-musica","17":"tag-portugal","18":"tag-pt","19":"tag-radio-verde-vale","20":"tag-radios-de-santa-catarina"},"share_on_mastodon":{"url":"https:\/\/pubeurope.com\/@pt\/115893939979743837","error":""},"_links":{"self":[{"href":"https:\/\/www.europesays.com\/pt\/wp-json\/wp\/v2\/posts\/228406","targetHints":{"allow":["GET"]}}],"collection":[{"href":"https:\/\/www.europesays.com\/pt\/wp-json\/wp\/v2\/posts"}],"about":[{"href":"https:\/\/www.europesays.com\/pt\/wp-json\/wp\/v2\/types\/post"}],"author":[{"embeddable":true,"href":"https:\/\/www.europesays.com\/pt\/wp-json\/wp\/v2\/users\/2"}],"replies":[{"embeddable":true,"href":"https:\/\/www.europesays.com\/pt\/wp-json\/wp\/v2\/comments?post=228406"}],"version-history":[{"count":0,"href":"https:\/\/www.europesays.com\/pt\/wp-json\/wp\/v2\/posts\/228406\/revisions"}],"wp:featuredmedia":[{"embeddable":true,"href":"https:\/\/www.europesays.com\/pt\/wp-json\/wp\/v2\/media\/228407"}],"wp:attachment":[{"href":"https:\/\/www.europesays.com\/pt\/wp-json\/wp\/v2\/media?parent=228406"}],"wp:term":[{"taxonomy":"category","embeddable":true,"href":"https:\/\/www.europesays.com\/pt\/wp-json\/wp\/v2\/categories?post=228406"},{"taxonomy":"post_tag","embeddable":true,"href":"https:\/\/www.europesays.com\/pt\/wp-json\/wp\/v2\/tags?post=228406"}],"curies":[{"name":"wp","href":"https:\/\/api.w.org\/{rel}","templated":true}]}}