{"id":228416,"date":"2026-01-14T14:37:07","date_gmt":"2026-01-14T14:37:07","guid":{"rendered":"https:\/\/www.europesays.com\/pt\/228416\/"},"modified":"2026-01-14T14:37:07","modified_gmt":"2026-01-14T14:37:07","slug":"madre-vai-construir-duas-novas-torres-no-coracao-de-lisboa-imobiliario","status":"publish","type":"post","link":"https:\/\/www.europesays.com\/pt\/228416\/","title":{"rendered":"Madre vai construir duas novas torres no cora\u00e7\u00e3o de Lisboa &#8211; Imobili\u00e1rio"},"content":{"rendered":"<p class=\"\">&#13;<br \/>\n        Na freguesia lisboeta do Areeiro, entre a Avenida Afonso Costa e a Rua Sarmento de Beires, vai nascer o A-Living, um novo empreendimento imobili\u00e1rio, que combina habita\u00e7\u00e3o, com\u00e9rcio e servi\u00e7os.&#13;\n    <\/p>\n<p class=\"\">&#13;<br \/>\n        Com uma \u00e1rea vend\u00e1vel pr\u00f3xima dos 28 mil metros quadrados, ter\u00e1 13 e 21 pisos, integrando 245 apartamentos, maioritariamente tipologias est\u00fadios, T1 e T2.&#13;\n    <\/p>\n<p class=\"\">&#13;<br \/>\n        Em s\u00edntese, eis o novo projeto imobili\u00e1rio promovido pelo grupo Madre, do empres\u00e1rio vianense Ant\u00f3nio Parente, em conjunto com dois outros investidores. &#13;\n    <\/p>\n<p class=\"\">&#13;<br \/>\n        \u201cTodas as fra\u00e7\u00f5es, com pre\u00e7os expect\u00e1veis a partir de 350 mil euros, incluem estacionamento privativo distribu\u00eddo por quatro pisos subterr\u00e2neos\u201d, garante a CBRE, em comunicado.&#13;\n    <\/p>\n<p class=\"\">&#13;<br \/>\n        O embasamento do empreendimento integra ainda dois pisos destinados a atividades econ\u00f3micas, com cerca de 2.100 metros quadrados para com\u00e9rcio e 2.600 metros para servi\u00e7os, \u201cadequados para escrit\u00f3rios, cl\u00ednicas ou outros usos compat\u00edveis\u201d, real\u00e7a a consultora imobili\u00e1ria.&#13;\n    <\/p>\n<p class=\"\">&#13;<br \/>\n        \u201cO A-Living \u00e9 um projeto totalmente aprovado, pronto para avan\u00e7ar\u201d, sinaliza Jo\u00e3o Duarte Silva, diretor de capital markets de residencial e log\u00edstica da CBRE Portugal.&#13;\n    <\/p>\n<p class=\"\">&#13;<br \/>\n        De acordo com a CBRE, o A-Living \u201cencontra-se totalmente licenciado, com projetos de arquitetura e especialidades aprovados, contrato de urbaniza\u00e7\u00e3o celebrado com a C\u00e2mara Municipal de Lisboa e T\u00edtulo \u00danico Ambiental emitido\u201d.&#13;\n    <\/p>\n<p class=\"\">&#13;<br \/>\n        Este enquadramento \u201cpermite o arranque imediato das obras de movimenta\u00e7\u00f5es de terra e de infraestruturas, eliminando o risco regulat\u00f3rio e conferindo seguran\u00e7a jur\u00eddica aos investidores\u201d, afian\u00e7a. &#13;\n    <\/p>\n","protected":false},"excerpt":{"rendered":"&#13; Na freguesia lisboeta do Areeiro, entre a Avenida Afonso Costa e a Rua Sarmento de Beires, vai&hellip;\n","protected":false},"author":2,"featured_media":228417,"comment_status":"","ping_status":"","sticky":false,"template":"","format":"standard","meta":{"footnotes":""},"categories":[83],"tags":[88,89,90,32,33],"class_list":{"0":"post-228416","1":"post","2":"type-post","3":"status-publish","4":"format-standard","5":"has-post-thumbnail","7":"category-empresas","8":"tag-business","9":"tag-economy","10":"tag-empresas","11":"tag-portugal","12":"tag-pt"},"share_on_mastodon":{"url":"https:\/\/pubeurope.com\/@pt\/115893963545896965","error":""},"_links":{"self":[{"href":"https:\/\/www.europesays.com\/pt\/wp-json\/wp\/v2\/posts\/228416","targetHints":{"allow":["GET"]}}],"collection":[{"href":"https:\/\/www.europesays.com\/pt\/wp-json\/wp\/v2\/posts"}],"about":[{"href":"https:\/\/www.europesays.com\/pt\/wp-json\/wp\/v2\/types\/post"}],"author":[{"embeddable":true,"href":"https:\/\/www.europesays.com\/pt\/wp-json\/wp\/v2\/users\/2"}],"replies":[{"embeddable":true,"href":"https:\/\/www.europesays.com\/pt\/wp-json\/wp\/v2\/comments?post=228416"}],"version-history":[{"count":0,"href":"https:\/\/www.europesays.com\/pt\/wp-json\/wp\/v2\/posts\/228416\/revisions"}],"wp:featuredmedia":[{"embeddable":true,"href":"https:\/\/www.europesays.com\/pt\/wp-json\/wp\/v2\/media\/228417"}],"wp:attachment":[{"href":"https:\/\/www.europesays.com\/pt\/wp-json\/wp\/v2\/media?parent=228416"}],"wp:term":[{"taxonomy":"category","embeddable":true,"href":"https:\/\/www.europesays.com\/pt\/wp-json\/wp\/v2\/categories?post=228416"},{"taxonomy":"post_tag","embeddable":true,"href":"https:\/\/www.europesays.com\/pt\/wp-json\/wp\/v2\/tags?post=228416"}],"curies":[{"name":"wp","href":"https:\/\/api.w.org\/{rel}","templated":true}]}}