{"id":228418,"date":"2026-01-14T14:39:06","date_gmt":"2026-01-14T14:39:06","guid":{"rendered":"https:\/\/www.europesays.com\/pt\/228418\/"},"modified":"2026-01-14T14:39:06","modified_gmt":"2026-01-14T14:39:06","slug":"dirigente-desportivo-brasileiro-mandou-matar-homem-que-o-criticou-e-foi-detido-em-portugal","status":"publish","type":"post","link":"https:\/\/www.europesays.com\/pt\/228418\/","title":{"rendered":"Dirigente desportivo brasileiro mandou matar homem que o criticou e foi detido em Portugal"},"content":{"rendered":"<p data-remotead-prev-elm=\"true\" data-remotead-elm-id=\"inread\">Segundo revela a PJ, em comunicado divulgado esta quarta-feira, &#8220;os factos ocorreram em maio de 2012&#8221;, quando o detido desempenhava o cargo de gerente num clube desportivo, tendo a sua atua\u00e7\u00e3o sido criticada publicamente, o que levou \u00e0 retalia\u00e7\u00e3o por parte deste.<\/p>\n<p>&#8220;Contratou um terceiro a quem forneceu uma arma de fogo e uma quantia monet\u00e1ria, para matar o homem que o tinha criticado publicamente. A v\u00edtima foi assassinada com v\u00e1rios tiros, quando conduzia uma viatura&#8221;, sublinha a PJ.<\/p>\n<p>Por este crime, est\u00e1 condenado a uma pena de pris\u00e3o de 14 anos.<\/p>\n<p>O detido, com a situa\u00e7\u00e3o regular em territ\u00f3rio nacional e a trabalhar na constru\u00e7\u00e3o civil, vai ser presente ao Tribunal da Rela\u00e7\u00e3o de Coimbra, para aplica\u00e7\u00e3o de uma medida de coa\u00e7\u00e3o.<\/p>\n","protected":false},"excerpt":{"rendered":"Segundo revela a PJ, em comunicado divulgado esta quarta-feira, &#8220;os factos ocorreram em maio de 2012&#8221;, quando o&hellip;\n","protected":false},"author":2,"featured_media":188057,"comment_status":"","ping_status":"","sticky":false,"template":"","format":"standard","meta":{"footnotes":""},"categories":[10],"tags":[726,27,28,16610,15,16,2554,14,603,25,26,21,22,12,13,19,20,4107,32,23,24,33,17,18,29,30,31],"class_list":{"0":"post-228418","1":"post","2":"type-post","3":"status-publish","4":"format-standard","5":"has-post-thumbnail","7":"category-portugal","8":"tag-brasil","9":"tag-breaking-news","10":"tag-breakingnews","11":"tag-detido","12":"tag-featured-news","13":"tag-featurednews","14":"tag-goiania","15":"tag-headlines","16":"tag-justica","17":"tag-latest-news","18":"tag-latestnews","19":"tag-main-news","20":"tag-mainnews","21":"tag-news","22":"tag-noticias","23":"tag-noticias-principais","24":"tag-noticiasprincipais","25":"tag-pj","26":"tag-portugal","27":"tag-principais-noticias","28":"tag-principaisnoticias","29":"tag-pt","30":"tag-top-stories","31":"tag-topstories","32":"tag-ultimas","33":"tag-ultimas-noticias","34":"tag-ultimasnoticias"},"share_on_mastodon":{"url":"https:\/\/pubeurope.com\/@pt\/115893971456103076","error":""},"_links":{"self":[{"href":"https:\/\/www.europesays.com\/pt\/wp-json\/wp\/v2\/posts\/228418","targetHints":{"allow":["GET"]}}],"collection":[{"href":"https:\/\/www.europesays.com\/pt\/wp-json\/wp\/v2\/posts"}],"about":[{"href":"https:\/\/www.europesays.com\/pt\/wp-json\/wp\/v2\/types\/post"}],"author":[{"embeddable":true,"href":"https:\/\/www.europesays.com\/pt\/wp-json\/wp\/v2\/users\/2"}],"replies":[{"embeddable":true,"href":"https:\/\/www.europesays.com\/pt\/wp-json\/wp\/v2\/comments?post=228418"}],"version-history":[{"count":0,"href":"https:\/\/www.europesays.com\/pt\/wp-json\/wp\/v2\/posts\/228418\/revisions"}],"wp:featuredmedia":[{"embeddable":true,"href":"https:\/\/www.europesays.com\/pt\/wp-json\/wp\/v2\/media\/188057"}],"wp:attachment":[{"href":"https:\/\/www.europesays.com\/pt\/wp-json\/wp\/v2\/media?parent=228418"}],"wp:term":[{"taxonomy":"category","embeddable":true,"href":"https:\/\/www.europesays.com\/pt\/wp-json\/wp\/v2\/categories?post=228418"},{"taxonomy":"post_tag","embeddable":true,"href":"https:\/\/www.europesays.com\/pt\/wp-json\/wp\/v2\/tags?post=228418"}],"curies":[{"name":"wp","href":"https:\/\/api.w.org\/{rel}","templated":true}]}}