{"id":228421,"date":"2026-01-14T14:41:10","date_gmt":"2026-01-14T14:41:10","guid":{"rendered":"https:\/\/www.europesays.com\/pt\/228421\/"},"modified":"2026-01-14T14:41:10","modified_gmt":"2026-01-14T14:41:10","slug":"ana-paula-renault-e-a-1a-ex-fazenda-a-entrar-no-bbb","status":"publish","type":"post","link":"https:\/\/www.europesays.com\/pt\/228421\/","title":{"rendered":"Ana Paula Renault \u00e9 a 1\u00aa ex-Fazenda a entrar no BBB"},"content":{"rendered":"<p><a href=\"https:\/\/natelinha.uol.com.br\/famosos\/tudo-sobre\/ana-paula-renault\" rel=\"nofollow noopener\" target=\"_blank\">Ana Paula Renault<\/a> fez com que o Big Brother Brasil quebrasse um &#8220;tabu&#8221; na Globo. Ela \u00e9 a primeira ex-Fazenda a ser confinada pelo reality show. Na gest\u00e3o de Boninho, havia veto convidar at\u00e9 mesmo quem j\u00e1 havia participado de qualquer programa do g\u00eanero.<\/p>\n<p>Depois de participar do BBB 16, a jornalista foi peoa em A Fazenda 10, em 2018. Ela foi a terceira eliminada depois de disputar uma Ro\u00e7a com Nadja Pessoa. Sua trajet\u00f3ria foi marcada por desentendimentos com ela.<\/p>\n<p>+\u00a0<a href=\"https:\/\/natelinha.uol.com.br\/espelho-meu\/2026\/01\/14\/convulsao-de-henri-castelli-no-bbb-quais-sao-as-causas-medico-explica-236519.php\" rel=\"nofollow noopener\" target=\"_blank\">Convuls\u00e3o de Henri Castelli no BBB: Quais s\u00e3o as causas? M\u00e9dico explica<\/a><\/p>\n<p>continua depois da publicidade<\/p>\n<p>+\u00a0<a href=\"https:\/\/natelinha.uol.com.br\/famosos\/2026\/01\/14\/giovanna-pitel-conta-como-bbb-mudou-sua-realidade-transformador-236518.php\" rel=\"nofollow noopener\" target=\"_blank\">Giovanna Pitel conta como BBB mudou sua realidade: &#8220;Transformador&#8221;<\/a><\/p>\n<p>Agora, ela tem uma nova chance de faturar um pr\u00eamio milion\u00e1rio.<\/p>\n<p>Ana Paula Renault foi expulsa do BBB 16<\/p>\n<p><img decoding=\"async\" loading=\"lazy\" class=\"horizontal\" src=\"https:\/\/www.europesays.com\/pt\/wp-content\/uploads\/2026\/01\/anapaularenaultd6d6b8c702fd1a031bf3aa8c01e4a95c4f5b8fe5_977.jpeg\" alt=\"Ana Paula Renault \u00e9 a 1\u00aa ex-Fazenda a entrar no BBB\"\/><\/p>\n<p>H\u00e1 10 anos, Ana Paula Renault foi expulsa do programa. Ela era uma das favoritas para abocanhar o pr\u00eamio de R$ 1 milh\u00e3o. Depois de um pared\u00e3o falso, despontou rapidamente como postulante sair da Globo milion\u00e1ria.<\/p>\n<p>No entanto, passou do ponto ao confrontar seu rival dentro do jogo: Renan. Em uma festa, Ana Paula desferiu dois tapas no rosto do modelo. A agress\u00e3o f\u00edsica \u00e9 proibida. E isso culminou no fim de sua passagem pelo confinamento da Globo.<\/p>\n<p>continua depois da publicidade<\/p>\n<p>Anos mais tarde, admitiu ter vergonha do epis\u00f3dio e lamentou o excesso de \u00e1lcool aliado \u00e0 press\u00e3o do confinamento.<\/p>\n<p>Termometro<\/p>\n<p class=\"title text-center destaque\">Expresse seus sentimentos aos participantes do <strong>BBB 26<\/strong><\/p>\n","protected":false},"excerpt":{"rendered":"Ana Paula Renault fez com que o Big Brother Brasil quebrasse um &#8220;tabu&#8221; na Globo. Ela \u00e9 a&hellip;\n","protected":false},"author":2,"featured_media":228422,"comment_status":"","ping_status":"","sticky":false,"template":"","format":"standard","meta":{"footnotes":""},"categories":[145],"tags":[23879,211,210,114,115,32,33],"class_list":{"0":"post-228421","1":"post","2":"type-post","3":"status-publish","4":"format-standard","5":"has-post-thumbnail","7":"category-celebridades","8":"tag-ana-paula-renault","9":"tag-celebridades","10":"tag-celebrities","11":"tag-entertainment","12":"tag-entretenimento","13":"tag-portugal","14":"tag-pt"},"share_on_mastodon":{"url":"https:\/\/pubeurope.com\/@pt\/115893979209442364","error":""},"_links":{"self":[{"href":"https:\/\/www.europesays.com\/pt\/wp-json\/wp\/v2\/posts\/228421","targetHints":{"allow":["GET"]}}],"collection":[{"href":"https:\/\/www.europesays.com\/pt\/wp-json\/wp\/v2\/posts"}],"about":[{"href":"https:\/\/www.europesays.com\/pt\/wp-json\/wp\/v2\/types\/post"}],"author":[{"embeddable":true,"href":"https:\/\/www.europesays.com\/pt\/wp-json\/wp\/v2\/users\/2"}],"replies":[{"embeddable":true,"href":"https:\/\/www.europesays.com\/pt\/wp-json\/wp\/v2\/comments?post=228421"}],"version-history":[{"count":0,"href":"https:\/\/www.europesays.com\/pt\/wp-json\/wp\/v2\/posts\/228421\/revisions"}],"wp:featuredmedia":[{"embeddable":true,"href":"https:\/\/www.europesays.com\/pt\/wp-json\/wp\/v2\/media\/228422"}],"wp:attachment":[{"href":"https:\/\/www.europesays.com\/pt\/wp-json\/wp\/v2\/media?parent=228421"}],"wp:term":[{"taxonomy":"category","embeddable":true,"href":"https:\/\/www.europesays.com\/pt\/wp-json\/wp\/v2\/categories?post=228421"},{"taxonomy":"post_tag","embeddable":true,"href":"https:\/\/www.europesays.com\/pt\/wp-json\/wp\/v2\/tags?post=228421"}],"curies":[{"name":"wp","href":"https:\/\/api.w.org\/{rel}","templated":true}]}}