{"id":228457,"date":"2026-01-14T15:08:10","date_gmt":"2026-01-14T15:08:10","guid":{"rendered":"https:\/\/www.europesays.com\/pt\/228457\/"},"modified":"2026-01-14T15:08:10","modified_gmt":"2026-01-14T15:08:10","slug":"falta-de-trabalhadores-em-lares-privados-provoca-aumento-das-mensalidades","status":"publish","type":"post","link":"https:\/\/www.europesays.com\/pt\/228457\/","title":{"rendered":"Falta de trabalhadores em lares privados provoca aumento das mensalidades"},"content":{"rendered":"<p>Os<strong> lares privados est\u00e3o a aumentar a mensalidade<\/strong> e a deixar as fam\u00edlias de muitos utentes num aperto financeiro, revela esta quarta-feira o <a href=\"https:\/\/www.jn.pt\/\" target=\"_blank\" rel=\"noopener noreferrer nofollow\">&#8220;Jornal de Not\u00edcias&#8221;.<\/a><\/p>\n<p>A justifica\u00e7\u00e3o para este cen\u00e1rio tem v\u00e1rias causas, mas a principal, segundo a <a href=\"https:\/\/www.ump.pt\/\" target=\"_blank\" rel=\"noopener noreferrer nofollow\">Uni\u00e3o das Miseric\u00f3rdias Portuguesas<\/a>, \u00e9 a <strong>falta de m\u00e3o de obra<\/strong>. O presidente, M\u0430nuel Lemos, sublinha que em Portugal h\u00e1 um <strong>elevado n\u00famero de popula\u00e7\u00e3o idosa <\/strong>e um<strong> aumento da depend\u00eancia dos utentes<\/strong>.<\/p>\n<p>De acordo com Lemos, os lares, sobretudo privados, n\u00e3o t\u00eam os pre\u00e7os tabelados e, consoante a oferta dispon\u00edvel nas diferentes regi\u00f5es do pa\u00eds, apresentam oscila\u00e7\u00f5es entre os <strong>1500 e os <\/strong><strong>2500 euros<\/strong>.<\/p>\n<p>O &#8220;JN&#8221; reproduz o testemunho enviado pela filha de uma idosa com dem\u00eancia que viu o custo mensal passar de 1795, em 2023, para 2210 euros, em 2026. Um aumento de 415 euros &#8211; muito acima da infla\u00e7\u00e3o -, que incluiu uma atualiza\u00e7\u00e3o de 11,6%, s\u00f3 no \u00faltimo ano.<\/p>\n<p>A Uni\u00e3o das Miseric\u00f3rdias Portuguesas prev\u00ea o cen\u00e1rio piore e n\u00e3o v\u00ea estrat\u00e9gia para travar a situa\u00e7\u00e3o no pa\u00eds.<\/p>\n","protected":false},"excerpt":{"rendered":"Os lares privados est\u00e3o a aumentar a mensalidade e a deixar as fam\u00edlias de muitos utentes num aperto&hellip;\n","protected":false},"author":2,"featured_media":228458,"comment_status":"","ping_status":"","sticky":false,"template":"","format":"standard","meta":{"footnotes":""},"categories":[8],"tags":[27,28,15,16,14,25,26,21,22,12,13,19,20,32,23,24,33,17,18,29,30,31],"class_list":{"0":"post-228457","1":"post","2":"type-post","3":"status-publish","4":"format-standard","5":"has-post-thumbnail","7":"category-principais-noticias","8":"tag-breaking-news","9":"tag-breakingnews","10":"tag-featured-news","11":"tag-featurednews","12":"tag-headlines","13":"tag-latest-news","14":"tag-latestnews","15":"tag-main-news","16":"tag-mainnews","17":"tag-news","18":"tag-noticias","19":"tag-noticias-principais","20":"tag-noticiasprincipais","21":"tag-portugal","22":"tag-principais-noticias","23":"tag-principaisnoticias","24":"tag-pt","25":"tag-top-stories","26":"tag-topstories","27":"tag-ultimas","28":"tag-ultimas-noticias","29":"tag-ultimasnoticias"},"share_on_mastodon":{"url":"https:\/\/pubeurope.com\/@pt\/115894085586543052","error":""},"_links":{"self":[{"href":"https:\/\/www.europesays.com\/pt\/wp-json\/wp\/v2\/posts\/228457","targetHints":{"allow":["GET"]}}],"collection":[{"href":"https:\/\/www.europesays.com\/pt\/wp-json\/wp\/v2\/posts"}],"about":[{"href":"https:\/\/www.europesays.com\/pt\/wp-json\/wp\/v2\/types\/post"}],"author":[{"embeddable":true,"href":"https:\/\/www.europesays.com\/pt\/wp-json\/wp\/v2\/users\/2"}],"replies":[{"embeddable":true,"href":"https:\/\/www.europesays.com\/pt\/wp-json\/wp\/v2\/comments?post=228457"}],"version-history":[{"count":0,"href":"https:\/\/www.europesays.com\/pt\/wp-json\/wp\/v2\/posts\/228457\/revisions"}],"wp:featuredmedia":[{"embeddable":true,"href":"https:\/\/www.europesays.com\/pt\/wp-json\/wp\/v2\/media\/228458"}],"wp:attachment":[{"href":"https:\/\/www.europesays.com\/pt\/wp-json\/wp\/v2\/media?parent=228457"}],"wp:term":[{"taxonomy":"category","embeddable":true,"href":"https:\/\/www.europesays.com\/pt\/wp-json\/wp\/v2\/categories?post=228457"},{"taxonomy":"post_tag","embeddable":true,"href":"https:\/\/www.europesays.com\/pt\/wp-json\/wp\/v2\/tags?post=228457"}],"curies":[{"name":"wp","href":"https:\/\/api.w.org\/{rel}","templated":true}]}}