{"id":228473,"date":"2026-01-14T15:21:16","date_gmt":"2026-01-14T15:21:16","guid":{"rendered":"https:\/\/www.europesays.com\/pt\/228473\/"},"modified":"2026-01-14T15:21:16","modified_gmt":"2026-01-14T15:21:16","slug":"ha-50-anos-que-espero-por-este-homem-25-de-abril-foi-a-pior-coisa","status":"publish","type":"post","link":"https:\/\/www.europesays.com\/pt\/228473\/","title":{"rendered":"H\u00e1 50 anos que espero por este homem! 25 de Abril foi a pior coisa!"},"content":{"rendered":"<p class=\"wp-caption-text top\">Tiago Petinga \/ LUSA<\/p>\n<p><img decoding=\"async\" loading=\"lazy\" class=\"size-kopa-image-size-3 wp-image-722099\" src=\"https:\/\/www.europesays.com\/pt\/wp-content\/uploads\/2026\/01\/5eb743f9607b6e90abf72039f4fc63b8-783x450.jpg\" alt=\"\" width=\"700\" height=\"402\"  \/><\/p>\n<p class=\"wp-caption-text bot\">Andr\u00e9 Ventura em campanha presidencial, em Braga<\/p>\n<p><strong>Ventura encontrou saudosistas em Braga. Sa\u00fade voltou a ser assunto. Catarina Martins e Ant\u00f3nio Filipe cruzaram-se na rua.<\/strong><\/p>\n<p><strong>Andr\u00e9 Ventura<\/strong> foi a Braga, nesta ter\u00e7a-feira, em mais uma arruada de campanha eleitoral, e no meio da chuva encontrou <strong>apoiantes<\/strong> que esperam pelo regresso do <strong>Estado Novo.<\/strong><\/p>\n<p>\u201c<strong>H\u00e1 50 anos que eu espero por este homem! H\u00e1 50 anos! O 25 de Abril foi a pior coisa que podia acontecer em Portugal!\u201d<\/strong>, disse um apoiante do presidente do Chega, captado pela <a href=\"https:\/\/www.rtp.pt\/play\/p12841\/e902075\/vamos-a-votos\" data-wpel-link=\"external\" target=\"_blank\" rel=\"nofollow external noopener noreferrer\" class=\"ext-link\">Antena 1<\/a>.<\/p>\n<p>Isto num dia em que <strong>Jo\u00e3o Cotrim de Figueiredo<\/strong> continuou a ser assunto, sobretudo por causa do que <a href=\"https:\/\/zap.aeiou.pt\/cotrim-nao-exclui-apoio-ventura-721854\" data-wpel-link=\"internal\" rel=\"nofollow noopener\" target=\"_blank\">tinha dito<\/a> na segunda-feira, precisamente, sobre Ventura: n\u00e3o rejeita apoiar nenhum candidato, incluindo Andr\u00e9 Ventura, que \u201cmoderou o discurso e parece diferente\u201d.<\/p>\n<p>\u201cEu n\u00e3o queria abrir a porta. <strong>Porque \u00e9 que eu fiz aquelas declara\u00e7\u00f5es? Eu pr\u00f3prio gostava muito de perceber. N\u00e3o consigo explicar<\/strong> o que \u00e9 que me passou pela cabe\u00e7a\u201d, confessou o pr\u00f3prio Cotrim, em Viseu.<\/p>\n<p>Reconhecendo que foi \u201cum momento bastante infeliz\u201d da sua parte, o antigo l\u00edder da Iniciativa Liberal (IL) disse que a \u00fanica coisa que deveria ter dito, e que \u00e9 o que realmente pensa, \u00e9 que s\u00f3 admite um cen\u00e1rio de segunda volta em que esteja, todo o resto n\u00e3o lhe diz respeito.<\/p>\n<p>Foi \u201cfalta de clareza\u201d que associa a \u201cum dia dif\u00edcil\u201d. \u201cQuis mostrar claramente que n\u00e3o me comprometia com nenhum candidato e acabei a comprometer-me com todos. Portanto, foi isso que deu origem ao <strong>equ\u00edvoco:<\/strong> n\u00e3o fui claro, assumo essa falta de clareza, n\u00e3o consigo explicar muito bem\u201d, justificou o candidato apoiado pela IL.<\/p>\n<p>Andr\u00e9 Ventura criticou Jo\u00e3o Cotrim de Figueiredo: \u201cUm candidato presidencial n\u00e3o pode andar um dia a dizer uma coisa, no outro dia a dizer que n\u00e3o sabe o que \u00e9 que lhe passou pela cabe\u00e7a e agora diz uma coisa que n\u00e3o \u00e9 nenhuma coisa nem outra. Eu gostava que o Jo\u00e3o Cotrim de Figueiredo parasse para pensar um bocadinho. Isto \u00e9 uma elei\u00e7\u00e3o presidencial, <strong>n\u00e3o \u00e9 uma elei\u00e7\u00e3o para o condom\u00ednio l\u00e1 da casa dele<\/strong>\u201d.<\/p>\n<p><strong>Catarina Martins<\/strong> acusou Cotrim Figueiredo de defraudar as expectativas dos eleitores que votaram antecipadamente, ao ter afirmado, na segunda-feira, que n\u00e3o exclui o apoio a qualquer candidato numa eventual segunda volta das elei\u00e7\u00f5es presidenciais.<\/p>\n<p>\u201cPergunto-me se quem j\u00e1 votou, em voto antecipado, em Cotrim Figueiredo, agora pode mudar o seu voto. Porque n\u00f3s temos aqui uma <strong>fraude pol\u00edtica.<\/strong> S\u00e3o as direitas a dizer que s\u00e3o iguais e eu acho que h\u00e1 muita gente neste pa\u00eds que quer ter um voto contra a indec\u00eancia, a selvajaria e por uma democracia forte\u201d, afirmou a candidata presidencial.<\/p>\n<p>A <a href=\"https:\/\/zap.aeiou.pt\/mulheres-defendem-cotrim-721942\" data-wpel-link=\"internal\" rel=\"nofollow noopener\" target=\"_blank\">den\u00fancia<\/a> de ass\u00e9dio sexual feita por uma antiga assessora da Iniciativa Liberal foi assunto rejeitado por quase todos os candidatos. Nenhum quer transformar essa den\u00fancia num tema de campanha eleitoral.<\/p>\n<p>O \u00fanico que deixou um (breve) coment\u00e1rio foi <strong>Jorge Pinto:<\/strong> pediu que n\u00e3o se \u201cconfunda a presun\u00e7\u00e3o de inoc\u00eancia com a presun\u00e7\u00e3o de culpa de uma potencial v\u00edtima\u201d e afirmou que a den\u00fancia \u201c\u00e9 muito grave\u201d. Mas concorda que \u00e9 um \u201cassunto demasiado s\u00e9rio\u201d para ser \u201cmisturado com assuntos da campanha eleitoral\u201d.<\/p>\n<p>Sa\u00fade<\/p>\n<p>Assunto do dia foi a Sa\u00fade, de novo. Andr\u00e9 Ventura afirmou que o <strong>primeiro-ministro \u00e9 \u201co maior sem no\u00e7\u00e3o do pa\u00eds\u201d<\/strong>, depois de Lu\u00eds Montenegro ter rejeitado na segunda-feira a ideia de caos na sa\u00fade.<\/p>\n<p>\u201cEu queria perguntar ao primeiro-ministro se ele acha mesmo que isto \u00e9 uma quest\u00e3o de percep\u00e7\u00e3o. Eu acho que n\u00f3s temos um primeiro-ministro que tem uma enorme falta de no\u00e7\u00e3o do pa\u00eds real. \u00c9 o maior sem no\u00e7\u00e3o do pa\u00eds, quando diz que n\u00e3o h\u00e1 caos na sa\u00fade\u201d.<\/p>\n<p><strong>Ant\u00f3nio Jos\u00e9 Seguro<\/strong>, no dia em que recebeu apoio de In\u00eas de Sousa Real (PAN) e Filipe Sousa (JPP), contrariou tamb\u00e9m a ideia do primeiro-ministro de que os problemas na sa\u00fade s\u00e3o perce\u00e7\u00f5es, porque \u201ca situa\u00e7\u00e3o \u00e9 mesmo real\u201d, e considerou que s\u00f3 com o \u201ccontacto direto\u201d os pol\u00edticos percebem as dificuldades.<\/p>\n<p>\u201cN\u00e3o. <strong>A situa\u00e7\u00e3o \u00e9 mesmo real<\/strong>. N\u00f3s temos situa\u00e7\u00f5es que as estat\u00edsticas muitas vezes n\u00e3o conseguem identificar e s\u00f3 ap\u00f3s um contacto direto entre quem tem responsabilidades no nosso pa\u00eds e as pessoas \u00e9 que nos apercebemos do sofrimento, da dor, das dificuldades em que as portuguesas e os portugueses vivem, sobretudo, em situa\u00e7\u00e3o de vulnerabilidade\u201d, respondeu.<\/p>\n<p><strong>Lu\u00eds Marques Mendes<\/strong> pediu ao Minist\u00e9rio da Sa\u00fade <strong>\u201cmaior sensibilidade\u201d<\/strong> em rela\u00e7\u00e3o \u201c\u00e0s quest\u00f5es menos boas que foram acontecendo\u201d e considerou que j\u00e1 n\u00e3o se trata de pol\u00edtica, mas de uma quest\u00e3o \u201chumana e social\u201d.<\/p>\n<p>\u201cAcho que o Minist\u00e9rio da Sa\u00fade faria bem em ter uma atitude de maior sensibilidade relativamente \u00e0s quest\u00f5es menos boas que foram acontecendo na sa\u00fade. Isto j\u00e1 n\u00e3o \u00e9 s\u00f3 uma quest\u00e3o pol\u00edtica, \u00e9 tamb\u00e9m uma quest\u00e3o humana e social. Quando morrem pessoas, n\u00e3o est\u00e1 apenas em causa a pol\u00edtica\u201d, afirmou.<\/p>\n<p><strong>Gouveia e Melo<\/strong> considera que a ministra da Sa\u00fade, <strong>Ana Paula Martins, j\u00e1 deveria ter sa\u00eddo<\/strong>: \u201cQuando as coisas falham, porque \u00e9 que n\u00f3s mantemos os respons\u00e1veis? Claro que h\u00e1 um tempo que tem que se deixar passar, mas dois anos depois, e n\u00e3o se tiram conclus\u00f5es? Porque h\u00e1 uma l\u00f3gica partid\u00e1ria que se sobrep\u00f5e \u00e0 l\u00f3gica nacional\u201d,<\/p>\n<p>Encontro na manifesta\u00e7\u00e3o<\/p>\n<p>A CGTP-IN realizou uma manifesta\u00e7\u00e3o em Lisboa. E foi o palco de um cruzamento entre dois candidatos presidenciais:<strong> Ant\u00f3nio Filipe e Catarina Martins<\/strong>.<\/p>\n<p>Num breve momento de converg\u00eancia \u00e0 esquerda, em que os dois se cumprimentaram, quando foi questionado sobre se esperava ver na manifesta\u00e7\u00e3o mais candidatos para al\u00e9m de Catarina Martins, respondeu: \u201cN\u00e3o propriamente. N\u00e3o me surpreende que n\u00e3o estejam, mas acho que cada candidato deve mostrar ao que vem e com quem est\u00e1\u201d.<\/p>\n<p>\u201cEu acho que este <strong>pacote laboral,<\/strong> em geral,<strong> n\u00e3o tem ponta por onde se lhe pegue<\/strong> e, portanto, eu acho que o Governo o devia retirar. Se o Governo n\u00e3o retirar a Assembleia da Rep\u00fablica, devia rejeitar e acho que \u00e9 a luta dos trabalhadores que vai ser determinante para que isso seja poss\u00edvel\u201d, defendeu Ant\u00f3nio Filipe.<\/p>\n<p>Catarina Martins apontou: \u201cO que o Governo est\u00e1 a fazer \u00e9 um <strong>assalto aos direitos de quem trabalha<\/strong>. Estou aqui por um pa\u00eds em que trabalhar seja respeitado e em que os sal\u00e1rios sejam dignos\u201d.<\/p>\n<p>\u201cPrecisamos de mais pessoas com contratos a s\u00e9rio, contratos efectivos e \u00e9, por isso, que \u00e9 t\u00e3o importante que quem se apresenta \u00e0 Presid\u00eancia da Rep\u00fablica diga ao que vem\u201d, acrescentou a candidata.<\/p>\n<p style=\"padding-left: 25px; margin-bottom: 10; font-family: Roboto, Arial, Helvetica, sans-serif; font-size: 15px\">&#13;<br \/>\n        Nuno Teixeira da Silva, ZAP \/\/ <a href=\"\" data-wpel-link=\"internal\">Lusa<\/a>&#13;\n    <\/p>\n<p>    <a href=\"https:\/\/zap.aeiou.pt\/subscrever-newsletter\" data-wpel-link=\"internal\" rel=\"nofollow noopener\" target=\"_blank\">&#13;<br \/>\n        <img loading=\"lazy\" decoding=\"async\" class=\"aligncenter size-full wp-image-575475\" src=\"https:\/\/www.europesays.com\/pt\/wp-content\/uploads\/2025\/12\/1765389371_545_2d51fe4a0ba54894421ead1809309ed9-1-450x140.jpg\" alt=\"Subscreva a Newsletter ZAP\" width=\"450\" height=\"140\"\/>&#13;<br \/>\n    <\/a><\/p>\n<p>                <a href=\"https:\/\/whatsapp.com\/channel\/0029VaIC4EE2f3EJZPPSbR34\" data-wpel-link=\"external\" target=\"_blank\" rel=\"nofollow external noopener noreferrer\" class=\"ext-link\">&#13;<br \/>\n                    <img loading=\"lazy\" decoding=\"async\" class=\"aligncenter size-full wp-image-575475\" src=\"https:\/\/www.europesays.com\/pt\/wp-content\/uploads\/2025\/12\/1765389371_770_c68c559d956d4ca20f435ed74a6e71e6.png\" alt=\"Siga-nos no WhatsApp\" width=\"175\" height=\"64\"\/>&#13;<br \/>\n                <\/a><\/p>\n<p>                <a href=\"https:\/\/news.google.com\/publications\/CAAiEHRwZondIV71PDjWNoqMduEqFAgKIhB0cGaJ3SFe9Tw41jaKjHbh?hl=en-US&amp;gl=US&amp;ceid=US%3Aen\" data-wpel-link=\"external\" target=\"_blank\" rel=\"nofollow external noopener noreferrer\" class=\"ext-link\">&#13;<br \/>\n                    <img loading=\"lazy\" decoding=\"async\" class=\"aligncenter size-full wp-image-575475\" src=\"https:\/\/www.europesays.com\/pt\/wp-content\/uploads\/2025\/12\/1765389372_556_5123dd8b087b644fdb8f8603acd1bad4.png\" alt=\"Siga-nos no Google News\" width=\"176\" height=\"64\"\/>&#13;<br \/>\n                <\/a><\/p>\n","protected":false},"excerpt":{"rendered":"Tiago Petinga \/ LUSA Andr\u00e9 Ventura em campanha presidencial, em Braga Ventura encontrou saudosistas em Braga. Sa\u00fade voltou&hellip;\n","protected":false},"author":2,"featured_media":228474,"comment_status":"","ping_status":"","sticky":false,"template":"","format":"standard","meta":{"footnotes":""},"categories":[10],"tags":[3386,17462,3399,27,28,269,21811,2258,15,16,9498,14,17460,28245,25,26,21,22,24788,12,13,19,20,52,32,1076,23,24,33,17,18,29,30,31],"class_list":{"0":"post-228473","1":"post","2":"type-post","3":"status-publish","4":"format-standard","5":"has-post-thumbnail","7":"category-portugal","8":"tag-andre-ventura","9":"tag-antonio-filipe","10":"tag-antonio-jose-seguro","11":"tag-breaking-news","12":"tag-breakingnews","13":"tag-capa","14":"tag-catarina-martins","15":"tag-eleicoes","16":"tag-featured-news","17":"tag-featurednews","18":"tag-gouveia-e-melo","19":"tag-headlines","20":"tag-joao-cotrim-de-figueiredo","21":"tag-jorge-pinto","22":"tag-latest-news","23":"tag-latestnews","24":"tag-main-news","25":"tag-mainnews","26":"tag-marques-mendes","27":"tag-news","28":"tag-noticias","29":"tag-noticias-principais","30":"tag-noticiasprincipais","31":"tag-politica","32":"tag-portugal","33":"tag-presidenciais-2026","34":"tag-principais-noticias","35":"tag-principaisnoticias","36":"tag-pt","37":"tag-top-stories","38":"tag-topstories","39":"tag-ultimas","40":"tag-ultimas-noticias","41":"tag-ultimasnoticias"},"share_on_mastodon":{"url":"","error":"Validation failed: Text character limit of 500 exceeded"},"_links":{"self":[{"href":"https:\/\/www.europesays.com\/pt\/wp-json\/wp\/v2\/posts\/228473","targetHints":{"allow":["GET"]}}],"collection":[{"href":"https:\/\/www.europesays.com\/pt\/wp-json\/wp\/v2\/posts"}],"about":[{"href":"https:\/\/www.europesays.com\/pt\/wp-json\/wp\/v2\/types\/post"}],"author":[{"embeddable":true,"href":"https:\/\/www.europesays.com\/pt\/wp-json\/wp\/v2\/users\/2"}],"replies":[{"embeddable":true,"href":"https:\/\/www.europesays.com\/pt\/wp-json\/wp\/v2\/comments?post=228473"}],"version-history":[{"count":0,"href":"https:\/\/www.europesays.com\/pt\/wp-json\/wp\/v2\/posts\/228473\/revisions"}],"wp:featuredmedia":[{"embeddable":true,"href":"https:\/\/www.europesays.com\/pt\/wp-json\/wp\/v2\/media\/228474"}],"wp:attachment":[{"href":"https:\/\/www.europesays.com\/pt\/wp-json\/wp\/v2\/media?parent=228473"}],"wp:term":[{"taxonomy":"category","embeddable":true,"href":"https:\/\/www.europesays.com\/pt\/wp-json\/wp\/v2\/categories?post=228473"},{"taxonomy":"post_tag","embeddable":true,"href":"https:\/\/www.europesays.com\/pt\/wp-json\/wp\/v2\/tags?post=228473"}],"curies":[{"name":"wp","href":"https:\/\/api.w.org\/{rel}","templated":true}]}}