{"id":228485,"date":"2026-01-14T15:32:32","date_gmt":"2026-01-14T15:32:32","guid":{"rendered":"https:\/\/www.europesays.com\/pt\/228485\/"},"modified":"2026-01-14T15:32:32","modified_gmt":"2026-01-14T15:32:32","slug":"amazon-lanca-tv-que-se-transforma-em-obra-de-arte-quando-esta-inativa-entenda","status":"publish","type":"post","link":"https:\/\/www.europesays.com\/pt\/228485\/","title":{"rendered":"Amazon lan\u00e7a TV que se transforma em obra de arte quando est\u00e1 inativa; entenda"},"content":{"rendered":"\n<p class=\" content-text__container theme-color-primary-first-letter\" data-track-category=\"Link no Texto\" data-track-links=\"\"> A Amazon decidiu desafiar o dom\u00ednio das principais marcas de televisores no mercado de tecnologia est\u00e9tica com o lan\u00e7amento de sua nova s\u00e9rie de televisores &#8220;art\u00edsticos&#8221;, que oferecem uma alternativa que transforma a tela em uma obra de arte quando n\u00e3o est\u00e1 em uso. O produto conta ainda com um diferencial: um pre\u00e7o inicial abaixo de US$ 900 (cerca de R$ 4.840, na cota\u00e7\u00e3o atual). <\/p>\n<ul class=\"content-unordered-list\">\n<li><strong>Fabricantes prometem melhora<\/strong>: <a class=\"\" href=\"https:\/\/oglobo.globo.com\/economia\/tecnologia\/noticia\/2026\/01\/11\/brinquedos-com-ia-geram-controversia-e-fabricantes-prometem-melhora.ghtml\" rel=\"nofollow noopener\" target=\"_blank\">brinquedos com IA geram controv\u00e9rsia<\/a><\/li>\n<li><strong>Entenda possibilidade<\/strong>: <a class=\"\" href=\"https:\/\/oglobo.globo.com\/economia\/tecnologia\/noticia\/2026\/01\/09\/ia-poderia-traduzir-sete-idiomas-antigos-que-a-ciencia-nunca-conseguiu-decifrar-entenda.ghtml\" rel=\"nofollow noopener\" target=\"_blank\">IA poderia traduzir sete idiomas antigos que a ci\u00eancia nunca conseguiu decifrar?<\/a><\/li>\n<\/ul>\n<p class=\" content-text__container \" data-track-category=\"Link no Texto\" data-track-links=\"\"> A nova Ember Artline \u00e9 uma tentativa direta de competir com a The Frame da Samsung. O que foi apresentado este ano e \u00e9 um modelo 4K, compat\u00edvel com formatos de alta faixa din\u00e2mica (HDR), nos tamanhos de 55 e 65 polegadas, informou a Bloomberg. <\/p>\n<p class=\" content-text__container \" data-track-category=\"Link no Texto\" data-track-links=\"\"> A televis\u00e3o se destaca pelas suas molduras magn\u00e9ticas intercambi\u00e1veis \u200b\u200bem 10 cores, e tem um pre\u00e7o inicial de US$ 899, inferior ao dos seus concorrentes. <\/p>\n<p class=\" content-text__container \" data-track-category=\"Link no Texto\" data-track-links=\"\"> Dessa forma, a Amazon busca facilitar uma tend\u00eancia est\u00e9tica que tamb\u00e9m foi adotada por gigantes como a LG. <\/p>\n<p>Caracter\u00edsticas da linha Amazon Ember Artline<\/p>\n<p class=\" content-text__container \" data-track-category=\"Link no Texto\" data-track-links=\"\"> <strong>Exibe conte\u00fado mesmo quando n\u00e3o est\u00e1 sendo visualizado.<\/strong> <\/p>\n<p class=\" content-text__container \" data-track-category=\"Link no Texto\" data-track-links=\"\"> O Amazon Ember Artline se transforma de um centro de entretenimento em uma galeria de arte. Ele exibe mais de 2.000 obras de arte, transmite conte\u00fado e gerencia sua casa a partir de uma \u00fanica tela luminosa. Oferece in\u00fameras op\u00e7\u00f5es para personalizar a exibi\u00e7\u00e3o, desde fotos pessoais at\u00e9 cria\u00e7\u00f5es com intelig\u00eancia artificial, segundo a Amazon. <\/p>\n<p class=\" content-text__container \" data-track-category=\"Link no Texto\" data-track-links=\"\"> A tela 4K QLED com Dolby Vision e HDR10+ d\u00e1 vida a filmes e programas de TV. Al\u00e9m disso, voc\u00ea desfrutar\u00e1 de streaming r\u00e1pido e est\u00e1vel com Wi-Fi 6, conforme relatado pelo The Verge. <\/p>\n<p class=\" content-text__container \" data-track-category=\"Link no Texto\" data-track-links=\"\"> <strong>Molduras personaliz\u00e1veis<\/strong> <\/p>\n<p class=\" content-text__container \" data-track-category=\"Link no Texto\" data-track-links=\"\"> Trocar a moldura \u00e9 f\u00e1cil gra\u00e7as \u00e0s 10 cores dispon\u00edveis e \u00e0 instala\u00e7\u00e3o simples. Voc\u00ea pode escolher entre nogal, fresno, teca, carvalho preto, branco fosco, azul meia-noite, figo, dourado claro, grafite e prata. <\/p>\n<p class=\" content-text__container \" data-track-category=\"Link no Texto\" data-track-links=\"\"> <strong>Nova experi\u00eancia de Alexa na Fire TV<\/strong> <\/p>\n<p class=\" content-text__container \" data-track-category=\"Link no Texto\" data-track-links=\"\"> Com a nova experi\u00eancia Alexa+ na Fire TV, encontrar conte\u00fado \u00e9 t\u00e3o f\u00e1cil quanto ter uma conversa natural. O sistema permite que voc\u00ea pesquise programas, gerencie sua casa inteligente ou obtenha respostas instant\u00e2neas para suas perguntas. Al\u00e9m disso, o controle remoto oferece acesso direto aos seus aplicativos favoritos, de acordo com o site da empresa. <\/p>\n<p class=\" content-text__container \" data-track-category=\"Link no Texto\" data-track-links=\"\"> A Ember Artline integra a tecnologia Omnisense, permitindo que a TV detecte a presen\u00e7a de pessoas e ative automaticamente o Modo Ambiente quando algu\u00e9m entra na sala, desativando-o quando a pessoa sai para otimizar o consumo de energia. Tudo isso \u00e9 complementado por uma interface Fire TV redesenhada, mais intuitiva e que oferece melhor integra\u00e7\u00e3o inteligente, de acordo com a Bloomberg . <\/p>\n<p class=\" content-text__container \" data-track-category=\"Link no Texto\" data-track-links=\"\"> <strong>Design que protege a privacidade<\/strong> <\/p>\n<p class=\" content-text__container \" data-track-category=\"Link no Texto\" data-track-links=\"\"> Foi criado com m\u00faltiplas camadas de prote\u00e7\u00e3o e controles de privacidade, incluindo um bot\u00e3o que desconecta eletronicamente os microfones. <\/p>\n<p class=\" content-text__container \" data-track-category=\"Link no Texto\" data-track-links=\"\"> <strong>Concorr\u00eancia no setor de televis\u00e3o art\u00edstica<\/strong> <\/p>\n<p class=\" content-text__container \" data-track-category=\"Link no Texto\" data-track-links=\"\"> O mercado de televisores com design art\u00edstico est\u00e1 em plena expans\u00e3o. Enquanto a Samsung e a LG lan\u00e7am novas op\u00e7\u00f5es com foco na est\u00e9tica, a Amazon entra em cena com a Artline. <\/p>\n<p class=\" content-text__container \" data-track-category=\"Link no Texto\" data-track-links=\"\"> A estrat\u00e9gia deles \u00e9 clara: conquistar o segmento premium com um design elegante que se integre perfeitamente a todo o ecossistema inteligente da marca, observou o The Startup Ecosystem. <\/p>\n<p class=\" content-text__container \" data-track-category=\"Link no Texto\" data-track-links=\"\"> O lan\u00e7amento da Amazon coincide com a CES 2026, em Las Vegas, onde a ind\u00fastria define o futuro da casa. Neste evento, a Samsung acaba de apresentar uma vers\u00e3o gigante de 98 polegadas da sua The Frame, enquanto a LG tamb\u00e9m faz sua estreia oficial na categoria de televisores de arte, ap\u00f3s o an\u00fancio feito em dezembro, conforme revelado pelo The Seattle Times. <\/p>\n<p><strong>Vantagens das televis\u00f5es art\u00edsticas<\/strong><\/p>\n<p class=\" content-text__container \" data-track-category=\"Link no Texto\" data-track-links=\"\"> Imers\u00e3o total: sem molduras que distraiam, a tela de ponta a ponta proporciona uma imers\u00e3o completa na a\u00e7\u00e3o, afirmou a TCL. <\/p>\n<p class=\" content-text__container \" data-track-category=\"Link no Texto\" data-track-links=\"\"> Design discreto: seu perfil ultrafino e elegante se integra perfeitamente \u00e0 decora\u00e7\u00e3o da casa como uma obra de arte. <\/p>\n<p class=\" content-text__container \" data-track-category=\"Link no Texto\" data-track-links=\"\"> Mais tela, menos espa\u00e7o: maximize o tamanho da imagem sem aumentar o volume do dispositivo, ideal para espa\u00e7os modernos. <\/p>\n<p class=\" content-text__container \" data-track-category=\"Link no Texto\" data-track-links=\"\"> Sofistica\u00e7\u00e3o moderna: um visual clean que elimina a polui\u00e7\u00e3o visual e eleva a est\u00e9tica de qualquer ambiente. <\/p>\n","protected":false},"excerpt":{"rendered":"A Amazon decidiu desafiar o dom\u00ednio das principais marcas de televisores no mercado de tecnologia est\u00e9tica com o&hellip;\n","protected":false},"author":2,"featured_media":228486,"comment_status":"","ping_status":"","sticky":false,"template":"","format":"standard","meta":{"footnotes":""},"categories":[84],"tags":[109,107,108,319,32,33,318,105,103,104,106,110],"class_list":{"0":"post-228485","1":"post","2":"type-post","3":"status-publish","4":"format-standard","5":"has-post-thumbnail","7":"category-ciencia-e-tecnologia","8":"tag-ciencia","9":"tag-ciencia-e-tecnologia","10":"tag-cienciaetecnologia","11":"tag-hard-news","12":"tag-portugal","13":"tag-pt","14":"tag-radar","15":"tag-science","16":"tag-science-and-technology","17":"tag-scienceandtechnology","18":"tag-technology","19":"tag-tecnologia"},"share_on_mastodon":{"url":"https:\/\/pubeurope.com\/@pt\/115894180277213879","error":""},"_links":{"self":[{"href":"https:\/\/www.europesays.com\/pt\/wp-json\/wp\/v2\/posts\/228485","targetHints":{"allow":["GET"]}}],"collection":[{"href":"https:\/\/www.europesays.com\/pt\/wp-json\/wp\/v2\/posts"}],"about":[{"href":"https:\/\/www.europesays.com\/pt\/wp-json\/wp\/v2\/types\/post"}],"author":[{"embeddable":true,"href":"https:\/\/www.europesays.com\/pt\/wp-json\/wp\/v2\/users\/2"}],"replies":[{"embeddable":true,"href":"https:\/\/www.europesays.com\/pt\/wp-json\/wp\/v2\/comments?post=228485"}],"version-history":[{"count":0,"href":"https:\/\/www.europesays.com\/pt\/wp-json\/wp\/v2\/posts\/228485\/revisions"}],"wp:featuredmedia":[{"embeddable":true,"href":"https:\/\/www.europesays.com\/pt\/wp-json\/wp\/v2\/media\/228486"}],"wp:attachment":[{"href":"https:\/\/www.europesays.com\/pt\/wp-json\/wp\/v2\/media?parent=228485"}],"wp:term":[{"taxonomy":"category","embeddable":true,"href":"https:\/\/www.europesays.com\/pt\/wp-json\/wp\/v2\/categories?post=228485"},{"taxonomy":"post_tag","embeddable":true,"href":"https:\/\/www.europesays.com\/pt\/wp-json\/wp\/v2\/tags?post=228485"}],"curies":[{"name":"wp","href":"https:\/\/api.w.org\/{rel}","templated":true}]}}