{"id":228506,"date":"2026-01-14T15:46:06","date_gmt":"2026-01-14T15:46:06","guid":{"rendered":"https:\/\/www.europesays.com\/pt\/228506\/"},"modified":"2026-01-14T15:46:06","modified_gmt":"2026-01-14T15:46:06","slug":"astronautas-da-nasa-antecipam-regresso-a-terra-devido-a-problema-de-saude","status":"publish","type":"post","link":"https:\/\/www.europesays.com\/pt\/228506\/","title":{"rendered":"Astronautas da NASA antecipam regresso \u00e0 Terra devido a &#8220;problema de sa\u00fade&#8221;"},"content":{"rendered":"<p>Quatro astronautas de uma tripula\u00e7\u00e3o da NASA a bordo da Esta\u00e7\u00e3o Espacial Internacional (ISS) iniciam esta quarta-feira, 14 de janeiro, o processo de regresso antecipado \u00e0 Terra devido a um problema de sa\u00fade que afeta um deles.<\/p>\n<p>A decis\u00e3o foi tomada pela ag\u00eancia espacial norte-americana e visa preservar a sa\u00fade do tripulante que vive e trabalha no laborat\u00f3rio da ISS. Nesse sentido, a nave Dragon, da SpaceX, deve amarar na costa da Calif\u00f3rnia durante a madrugada de quinta-feira (15) e nela estar\u00e3o Zena Cardman e Mike Fincke, da NASA, Kimi Yui, da Ag\u00eancia de Explora\u00e7\u00e3o Espacial do Jap\u00e3o (JAXA), e Oleg Platonov, da ag\u00eancia russa Roscosmos.<\/p>\n<p>At\u00e9 ao momento n\u00e3o foi divulgado o nome do astronauta doente, nem o estado em que se encontra, tendo a NASA se limitado a dizer que est\u00e1 est\u00e1vel.<\/p>\n<p>A NASA tinha anunciado na passada quinta-feira que iria antecipar o regresso de quatro astronautas que estavam a bordo da ISS, depois de na v\u00e9spera ter cancelado uma caminhada espacial de dois dos astronautas.<\/p>\n<p>Esta \u00e9 a primeira vez que uma tripula\u00e7\u00e3o da ISS tem de fazer o regresso antecipado, sendo que ele se deve a &#8220;um risco persistente&#8221; e n\u00e3o devido a uma quest\u00e3o de emerg\u00eancia.<\/p>\n<p>Os quatro astronautas que v\u00e3o regressar encontravam-se nesta miss\u00e3o na ISS desde 1 de agosto e deveriam regressar no final deste m\u00eas, uma vez que cada uma das expedi\u00e7\u00f5es dura habitualmente seis meses.<\/p>\n","protected":false},"excerpt":{"rendered":"Quatro astronautas de uma tripula\u00e7\u00e3o da NASA a bordo da Esta\u00e7\u00e3o Espacial Internacional (ISS) iniciam esta quarta-feira, 14&hellip;\n","protected":false},"author":2,"featured_media":228507,"comment_status":"","ping_status":"","sticky":false,"template":"","format":"standard","meta":{"footnotes":""},"categories":[84],"tags":[8071,109,107,108,8117,1149,32,33,105,103,104,106,110],"class_list":{"0":"post-228506","1":"post","2":"type-post","3":"status-publish","4":"format-standard","5":"has-post-thumbnail","7":"category-ciencia-e-tecnologia","8":"tag-astronautas","9":"tag-ciencia","10":"tag-ciencia-e-tecnologia","11":"tag-cienciaetecnologia","12":"tag-iss","13":"tag-nasa","14":"tag-portugal","15":"tag-pt","16":"tag-science","17":"tag-science-and-technology","18":"tag-scienceandtechnology","19":"tag-technology","20":"tag-tecnologia"},"share_on_mastodon":{"url":"https:\/\/pubeurope.com\/@pt\/115894234936744647","error":""},"_links":{"self":[{"href":"https:\/\/www.europesays.com\/pt\/wp-json\/wp\/v2\/posts\/228506","targetHints":{"allow":["GET"]}}],"collection":[{"href":"https:\/\/www.europesays.com\/pt\/wp-json\/wp\/v2\/posts"}],"about":[{"href":"https:\/\/www.europesays.com\/pt\/wp-json\/wp\/v2\/types\/post"}],"author":[{"embeddable":true,"href":"https:\/\/www.europesays.com\/pt\/wp-json\/wp\/v2\/users\/2"}],"replies":[{"embeddable":true,"href":"https:\/\/www.europesays.com\/pt\/wp-json\/wp\/v2\/comments?post=228506"}],"version-history":[{"count":0,"href":"https:\/\/www.europesays.com\/pt\/wp-json\/wp\/v2\/posts\/228506\/revisions"}],"wp:featuredmedia":[{"embeddable":true,"href":"https:\/\/www.europesays.com\/pt\/wp-json\/wp\/v2\/media\/228507"}],"wp:attachment":[{"href":"https:\/\/www.europesays.com\/pt\/wp-json\/wp\/v2\/media?parent=228506"}],"wp:term":[{"taxonomy":"category","embeddable":true,"href":"https:\/\/www.europesays.com\/pt\/wp-json\/wp\/v2\/categories?post=228506"},{"taxonomy":"post_tag","embeddable":true,"href":"https:\/\/www.europesays.com\/pt\/wp-json\/wp\/v2\/tags?post=228506"}],"curies":[{"name":"wp","href":"https:\/\/api.w.org\/{rel}","templated":true}]}}