{"id":22851,"date":"2025-08-09T21:39:06","date_gmt":"2025-08-09T21:39:06","guid":{"rendered":"https:\/\/www.europesays.com\/pt\/22851\/"},"modified":"2025-08-09T21:39:06","modified_gmt":"2025-08-09T21:39:06","slug":"as-regras-nos-avioes-vao-mudar-e-alguem-vai-ter-de-ceder-observador","status":"publish","type":"post","link":"https:\/\/www.europesays.com\/pt\/22851\/","title":{"rendered":"As regras nos avi\u00f5es v\u00e3o mudar e &#8220;algu\u00e9m vai ter de ceder&#8221; \u2013 Observador"},"content":{"rendered":"<p>O que acontece atualmente \u00e9 que, tirando o item pessoal que cabe debaixo do assento, as companhias entendem que s\u00e3o livres de cobrar o que quiserem pela restante bagagem, seja de cabine ou por\u00e3o. Ou de n\u00e3o cobrar de todo. Nas companhias tradicionais, como a TAP, por exemplo, a bagagem de m\u00e3o gratuita inclui um trolley. O que deixar\u00e1 de acontecer se a proposta aprovada em Bruxelas for a do Conselho, avisa S\u00e9rgio Humberto.<\/p>\n<p>J\u00e1 nas chamadas low cost, como a Ryanair ou a Easyjet, o trolley tamb\u00e9m come\u00e7ou por ser gratuito, mas nos \u00faltimos anos todas as companhias passaram a cobrar. E os pre\u00e7os variam de acordo com o destino. A Easyjet, por exemplo, come\u00e7ou esta cobran\u00e7a em 2021, com o objetivo de \u201cmelhorar o embarque e a pontualidade\u201d. A companhia de baixo custo anuncia no seu site que uma mala de cabine grande custa \u201ca partir de 7,99 euros\u201d. Nos testes feitos pelo Observador, n\u00e3o foi poss\u00edvel encontrar este pre\u00e7o. Acrescentar uma mala de cabine grande a uma viagem para Madrid em novembro, por exemplo, custa 30,24 euros por cada voo. Se a viagem for para Nice, o pre\u00e7o sobe para 33,74 euros por voo. E para Mil\u00e3o aumenta para 37,24 euros.<\/p>\n<p>Na Ryanair, os valores ficam um pouco abaixo. Mas tamb\u00e9m mudam n\u00e3o s\u00f3 de acordo com o destino mas tamb\u00e9m entre a ida e o regresso. Ir para Madrid em novembro e acrescentar uma mala de cabine grande custa 15 euros na ida e 12,5 euros no regresso. Numa viagem para Marselha, a mala fica por 17 euros na ida e 18 na volta. E para Mil\u00e3o o pre\u00e7o \u00e9 de 18,5 euros por cada voo.<\/p>\n<p>\u201cA bagagem \u00e9 uma extens\u00e3o da viagem. Nestas companhias, os consumidores t\u00eam custos que est\u00e3o escondidos no meio de uma tarifa que ningu\u00e9m sabe qual \u00e9\u201d, sublinha Miguel Quintas, presidente da Associa\u00e7\u00e3o Nacional das Ag\u00eancias de Viagens (ANAV), que se tem batido por uma maior transpar\u00eancia nas regras sobre as bagagens. \u201cNem as companhias est\u00e3o de acordo sobre as dimens\u00f5es dos trolleys que cobram. Vai uma confus\u00e3o na cabe\u00e7a do consumidor final, que n\u00e3o sabe se vai ou n\u00e3o ser cobrado nem em quanto. H\u00e1 companhias que cobram um valor, outras cobram outro, outras n\u00e3o cobram nada, nem as dimens\u00f5es est\u00e3o devidamente estabelecidas\u201d.<\/p>\n<p>Para o respons\u00e1vel, \u201cesta opacidade\u201d nos pre\u00e7os \u201cconv\u00e9m muito \u00e0s low\u00a0cost\u201c. \u201cNas contas\u00a0da Ryanair, tudo o que \u00e9 servi\u00e7os adicionais, os chamados \u2018ancillary revenues\u2018 (ou receitas acess\u00f3rias), que incluem as malas, representa quase um ter\u00e7o dos resultados\u201d, exemplifica. Nos <a href=\"https:\/\/investor.ryanair.com\/wp-content\/uploads\/2024\/07\/Q1-FY25-Ryanair-Results.pdf\" rel=\"nofollow noopener\" target=\"_blank\">resultados mais recentes<\/a> da companhia irlandesa, relativos ao ano fiscal de 2025, a Ryanair reporta \u201creceitas acess\u00f3rias\u201d de 1,3 mil milh\u00f5es de euros at\u00e9 junho de 2024 (um crescimento de 10% em rela\u00e7\u00e3o ao per\u00edodo hom\u00f3logo), face a receitas operacionais totais de 3,6 mil milh\u00f5es.<\/p>\n<p>\u201cO Conselho da Europa diz que assim [com as malas pagas] as companhias v\u00e3o aumentar a sua qualidade, que v\u00e3o ter mais rentabilidade e que, por isso, v\u00e3o prestar um melhor servi\u00e7o. N\u00f3s n\u00e3o concordamos absolutamente nada com isso. Vamos bater-nos de forma firme para que a mala de cabine continue a ser gratuita\u201d, garante o eurodeputado do PSD.<\/p>\n<p>\u201cSe o lobby das companhias n\u00e3o funcionar, quem vai ganhar \u00e9 o Parlamento e a mobiliza\u00e7\u00e3o em torno do consumidor\u201d, acrescenta Miguel Quintas.<\/p>\n<p>O \u201clobby das companhias\u201d tamb\u00e9m tem contribu\u00eddo para o ru\u00eddo em torno do tema. No in\u00edcio de julho, embalado pela decis\u00e3o do Conselho, o grupo de lobby Airlines for Europe (A4E) comunicou que as suas associadas (que representam mais de 80% do tr\u00e1fego a\u00e9reo europeu e incluem TAP, Ryanair, Easyjet, Lufthansa, Air France, British Airways, Iberia, etc.), \u201ccome\u00e7aram a aplicar as dimens\u00f5es garantidas de 40x30x15 para as malas de cabine normalmente colocadas debaixo do assento da frente \u2014 o item pessoal \u2014 acordadas pelos Estados-membros no m\u00eas passado\u201d. Este processo dever\u00e1 estar conclu\u00eddo \u201cat\u00e9 ao final da \u00e9poca de ver\u00e3o de 2025\u201d.<\/p>\n<p>\u201cEsta decis\u00e3o \u00e9 apenas sobre as medidas deste pequeno item pessoal, ao contr\u00e1rio de v\u00e1rias informa\u00e7\u00f5es publicadas, <strong>n\u00e3o foi tomada nenhuma decis\u00e3o<\/strong> sobre uma segunda pe\u00e7a de bagagem gratuita na cabine\u201d, esclarece S\u00e9rgio Humberto.<\/p>\n<p>Na mesma nota, a lobista da avia\u00e7\u00e3o sublinhava que as companhias \u201cv\u00e3o continuar a permitir items pessoais de maiores dimens\u00f5es, como j\u00e1 \u00e9 o caso hoje de muitas companhias da A4E\u201d. Entre as companhias que operam em Portugal, \u00e9 o caso de todas. At\u00e9 das principais low cost. A Ryanair era a \u00fanica companhia que at\u00e9 ao in\u00edcio desta semana n\u00e3o cumpria estes requisitos que dever\u00e3o passar a ser m\u00ednimos para o primeiro item de bagagem pessoal. Mas alterou, entretanto, as dimens\u00f5es da bagagem de m\u00e3o inclu\u00edda no bilhete para \u201ccaber\u201d na exig\u00eancia, passando de 40x25x20 para 40x30x20.<\/p>\n","protected":false},"excerpt":{"rendered":"O que acontece atualmente \u00e9 que, tirando o item pessoal que cabe debaixo do assento, as companhias entendem&hellip;\n","protected":false},"author":2,"featured_media":22852,"comment_status":"","ping_status":"","sticky":false,"template":"","format":"standard","meta":{"footnotes":""},"categories":[83],"tags":[1320,88,7962,89,90,1814,445,186,62,8118,32,33,58,554,1080,1813,8119],"class_list":{"0":"post-22851","1":"post","2":"type-post","3":"status-publish","4":"format-standard","5":"has-post-thumbnail","7":"category-empresas","8":"tag-aviau00e7u00e3o","9":"tag-business","10":"tag-conselho-europeu","11":"tag-economy","12":"tag-empresas","13":"tag-escapadinhas","14":"tag-europa","15":"tag-lifestyle","16":"tag-mundo","17":"tag-parlamento-europeu","18":"tag-portugal","19":"tag-pt","20":"tag-sociedade","21":"tag-uniu00e3o-europeia","22":"tag-viagens","23":"tag-voos","24":"tag-voos-low-cost"},"share_on_mastodon":{"url":"","error":""},"_links":{"self":[{"href":"https:\/\/www.europesays.com\/pt\/wp-json\/wp\/v2\/posts\/22851","targetHints":{"allow":["GET"]}}],"collection":[{"href":"https:\/\/www.europesays.com\/pt\/wp-json\/wp\/v2\/posts"}],"about":[{"href":"https:\/\/www.europesays.com\/pt\/wp-json\/wp\/v2\/types\/post"}],"author":[{"embeddable":true,"href":"https:\/\/www.europesays.com\/pt\/wp-json\/wp\/v2\/users\/2"}],"replies":[{"embeddable":true,"href":"https:\/\/www.europesays.com\/pt\/wp-json\/wp\/v2\/comments?post=22851"}],"version-history":[{"count":0,"href":"https:\/\/www.europesays.com\/pt\/wp-json\/wp\/v2\/posts\/22851\/revisions"}],"wp:featuredmedia":[{"embeddable":true,"href":"https:\/\/www.europesays.com\/pt\/wp-json\/wp\/v2\/media\/22852"}],"wp:attachment":[{"href":"https:\/\/www.europesays.com\/pt\/wp-json\/wp\/v2\/media?parent=22851"}],"wp:term":[{"taxonomy":"category","embeddable":true,"href":"https:\/\/www.europesays.com\/pt\/wp-json\/wp\/v2\/categories?post=22851"},{"taxonomy":"post_tag","embeddable":true,"href":"https:\/\/www.europesays.com\/pt\/wp-json\/wp\/v2\/tags?post=22851"}],"curies":[{"name":"wp","href":"https:\/\/api.w.org\/{rel}","templated":true}]}}