{"id":228514,"date":"2026-01-14T15:50:18","date_gmt":"2026-01-14T15:50:18","guid":{"rendered":"https:\/\/www.europesays.com\/pt\/228514\/"},"modified":"2026-01-14T15:50:18","modified_gmt":"2026-01-14T15:50:18","slug":"espanha-homem-tenta-embarcar-em-voo-com-mulher-morta-observador","status":"publish","type":"post","link":"https:\/\/www.europesays.com\/pt\/228514\/","title":{"rendered":"Espanha. Homem tenta embarcar em voo com mulher morta \u2013 Observador"},"content":{"rendered":"<p>Um homem, de 80 anos, foi detido no Aeroporto de Tenerife Sul ap\u00f3s tentar embarcar num avi\u00e3o com a mulher morta, que transportava numa cadeira de rodas. De acordo com a <a href=\"https:\/\/www.telecinco.es\/noticias\/sociedad\/20260113\/hombre-intenta-embarcar-avion-aeropuerto-tenerife-sur-esposa-fallecida-silla-ruedas_18_018054663.html\" rel=\"nofollow noopener\" target=\"_blank\">imprensa espanhola<\/a>, o incidente ocorreu em outubro, mas s\u00f3 agora foi revelado pela Guarda Civil, que explicou que o octogen\u00e1rio tentou \u201csair da ilha com a sua esposa, que n\u00e3o respondia a est\u00edmulos e apresentava uma <strong>temperatura corporal anormal<\/strong>\u201c.<\/p>\n<p>De acordo com os relatos dos membros da seguran\u00e7a aeroportu\u00e1ria, a vigilante que se apercebeu da situa\u00e7\u00e3o \u201ctocou na mulher e <strong>confirmou que n\u00e3o respirava<\/strong>\u201c. De imediato, foi acionado o protocolo de emerg\u00eancia e v\u00e1rios agentes da Guarda Civil e profissionais de sa\u00fade foram chamados para confirmar o \u00f3bito. Um m\u00e9dico verificou que a mulher estava sem sinais vitais e iniciou o protocolo judicial habitual em casos desta natureza.<\/p>\n<p>Fontes oficiais indicam que a v\u00edtima tinha 75 anos e <strong>sofria de graves problemas de mobilidade<\/strong>, sendo habitual a utiliza\u00e7\u00e3o de uma cadeira de rodas. As primeiras an\u00e1lises n\u00e3o revelaram sinais de viol\u00eancia e a aut\u00f3psia realizada no Instituto de Medicina Legal confirmou que se tratou de uma <strong>morte natural<\/strong>.<\/p>\n<p>Em declara\u00e7\u00f5es \u00e0 imprensa, alguns trabalhadores do aeroporto referiram que o homem afirmou que a mulher teria falecido poucas horas antes, <strong>j\u00e1 nas instala\u00e7\u00f5es do aeroporto<\/strong>. As autoridades continuam a investigar o caso para descartar qualquer hip\u00f3tese de crime.<\/p>\n<blockquote class=\"wp-embedded-content\" data-secret=\"77dZZktBEE\">\n<p><a href=\"https:\/\/observador.pt\/2025\/12\/21\/__trashed-450\/\" rel=\"nofollow noopener\" target=\"_blank\">Easyjet garante que passageira estava viva quando embarcou em M\u00e1laga<\/a><\/p>\n<\/blockquote>\n<p>No m\u00eas passado, um caso semelhante foi relatado por turistas em M\u00e1laga, que afirmaram que uma passageira, de 89 anos, foi levada numa cadeira de rodas para um voo quando j\u00e1 estava morta, embora a companhia a\u00e9rea tivesse garantido que <a href=\"https:\/\/observador.pt\/2025\/12\/21\/__trashed-450\/\" rel=\"nofollow noopener\" target=\"_blank\">a idosa embarcou viva<\/a>.<\/p>\n","protected":false},"excerpt":{"rendered":"Um homem, de 80 anos, foi detido no Aeroporto de Tenerife Sul ap\u00f3s tentar embarcar num avi\u00e3o com&hellip;\n","protected":false},"author":2,"featured_media":228515,"comment_status":"","ping_status":"","sticky":false,"template":"","format":"standard","meta":{"footnotes":""},"categories":[8],"tags":[1320,27,28,640,445,15,16,14,25,26,21,22,62,12,13,19,20,32,23,24,33,58,17,18,29,30,31],"class_list":{"0":"post-228514","1":"post","2":"type-post","3":"status-publish","4":"format-standard","5":"has-post-thumbnail","7":"category-principais-noticias","8":"tag-aviau00e7u00e3o","9":"tag-breaking-news","10":"tag-breakingnews","11":"tag-espanha","12":"tag-europa","13":"tag-featured-news","14":"tag-featurednews","15":"tag-headlines","16":"tag-latest-news","17":"tag-latestnews","18":"tag-main-news","19":"tag-mainnews","20":"tag-mundo","21":"tag-news","22":"tag-noticias","23":"tag-noticias-principais","24":"tag-noticiasprincipais","25":"tag-portugal","26":"tag-principais-noticias","27":"tag-principaisnoticias","28":"tag-pt","29":"tag-sociedade","30":"tag-top-stories","31":"tag-topstories","32":"tag-ultimas","33":"tag-ultimas-noticias","34":"tag-ultimasnoticias"},"share_on_mastodon":{"url":"https:\/\/pubeurope.com\/@pt\/115894250964345994","error":""},"_links":{"self":[{"href":"https:\/\/www.europesays.com\/pt\/wp-json\/wp\/v2\/posts\/228514","targetHints":{"allow":["GET"]}}],"collection":[{"href":"https:\/\/www.europesays.com\/pt\/wp-json\/wp\/v2\/posts"}],"about":[{"href":"https:\/\/www.europesays.com\/pt\/wp-json\/wp\/v2\/types\/post"}],"author":[{"embeddable":true,"href":"https:\/\/www.europesays.com\/pt\/wp-json\/wp\/v2\/users\/2"}],"replies":[{"embeddable":true,"href":"https:\/\/www.europesays.com\/pt\/wp-json\/wp\/v2\/comments?post=228514"}],"version-history":[{"count":0,"href":"https:\/\/www.europesays.com\/pt\/wp-json\/wp\/v2\/posts\/228514\/revisions"}],"wp:featuredmedia":[{"embeddable":true,"href":"https:\/\/www.europesays.com\/pt\/wp-json\/wp\/v2\/media\/228515"}],"wp:attachment":[{"href":"https:\/\/www.europesays.com\/pt\/wp-json\/wp\/v2\/media?parent=228514"}],"wp:term":[{"taxonomy":"category","embeddable":true,"href":"https:\/\/www.europesays.com\/pt\/wp-json\/wp\/v2\/categories?post=228514"},{"taxonomy":"post_tag","embeddable":true,"href":"https:\/\/www.europesays.com\/pt\/wp-json\/wp\/v2\/tags?post=228514"}],"curies":[{"name":"wp","href":"https:\/\/api.w.org\/{rel}","templated":true}]}}