{"id":228547,"date":"2026-01-14T16:14:12","date_gmt":"2026-01-14T16:14:12","guid":{"rendered":"https:\/\/www.europesays.com\/pt\/228547\/"},"modified":"2026-01-14T16:14:12","modified_gmt":"2026-01-14T16:14:12","slug":"samsung-estreia-no-segmento-empresarial-na-ces-2026-com-o-spatial-signage","status":"publish","type":"post","link":"https:\/\/www.europesays.com\/pt\/228547\/","title":{"rendered":"Samsung estreia no segmento empresarial na CES 2026 com o Spatial Signage"},"content":{"rendered":"<p>Drops recebeu informa\u00e7\u00f5es oficiais.<\/p>\n<p><img loading=\"lazy\" decoding=\"async\" class=\"alignnone size-full wp-image-90207\" src=\"https:\/\/www.europesays.com\/pt\/wp-content\/uploads\/2026\/01\/samsung-3-1.jpg\" alt=\"\" width=\"851\" height=\"536\"   data-recalc-dims=\"1\"\/><\/p>\n<p>A\u00a0Samsung\u00a0Electronics, l\u00edder global em tecnologia, anunciou que o Spatial Signage1\u00a0foi reconhecido pela\u00a0Consumer Technology Association (CTA)\u00ae\u00a0como parte do programa CES Innovation Awards\u00ae 2026, marcando o primeiro reconhecimento da\u00a0Samsung\u00a0na categoria de Enterprise Technology e coincidindo com a apresenta\u00e7\u00e3o de suas solu\u00e7\u00f5es de telas comerciais no evento.<br \/>Todos os anos, o prestigiado CES Innovation Awards reconhece design e engenharia excepcionais em uma ampla gama de produtos tecnol\u00f3gicos. Como l\u00edder global em sinaliza\u00e7\u00e3o digital por 16 anos consecutivos, esse reconhecimento refor\u00e7a o compromisso da\u00a0Samsung\u00a0em oferecer as melhores solu\u00e7\u00f5es de display que ajudam a atrair, engajar e converter consumidores em clientes.<br \/>Apresentado pela primeira vez na IFA 2025, o Spatial Signage \u00e9 uma tela 3D sem \u00f3culos que oferece uma experi\u00eancia visual imersiva. Utilizando a tecnologia de display inovadora da\u00a0Samsung, o produto proporciona realismo envolvente ao adicionar profundidade multidimensional a imagens 2D, criando experi\u00eancias de compra mais impactantes com conte\u00fados j\u00e1 existentes. Seu perfil elegante de 52 mm e o design ultrafino de 85 polegadas permitem integra\u00e7\u00e3o perfeita em ambientes com alto padr\u00e3o est\u00e9tico \u2014 desde grandes redes de varejo, lojas de luxo e at\u00e9 mesmo est\u00e1dios. Com o\u00a0Samsung\u00a0VXT integrado, os usu\u00e1rios podem gerenciar e distribuir conte\u00fados na loja remotamente em diversos dispositivos, desde imagens de produtos com alto n\u00edvel de detalhamento at\u00e9 promo\u00e7\u00f5es visuais de grande impacto.<\/p>\n<p>O Spatial Signage esteve em exibi\u00e7\u00e3o durante o per\u00edodo oficial da feira, na\u00a0Samsung\u00a0Exhibition Zone, no hotel The Wynn Las Vegas, at\u00e9 7 de janeiro de 2026.<\/p>\n<p>Para mais informa\u00e7\u00f5es sobre o\u00a0Samsung\u00a0Spatial Signage, visite a\u00a0<a href=\"https:\/\/news.samsung.com\/br\/\" target=\"_blank\" rel=\"noopener nofollow\" data-saferedirecturl=\"https:\/\/www.google.com\/url?q=https:\/\/news.samsung.com\/br\/&amp;source=gmail&amp;ust=1768479239063000&amp;usg=AOvVaw3bTmaMnOHwvAYzLamq7VGU\">Samsung\u00a0Newsroom Brasil<\/a>.<br \/>1\u00a0Produto sem previs\u00e3o de lan\u00e7amento para o Brasil.<br \/><strong>Sobre a\u00a0Samsung\u00a0Electronics Co. Ltd.<\/strong><\/p>\n<p>A\u00a0Samsung\u00a0inspira o mundo e molda o futuro com ideias e tecnologias transformadoras. A empresa est\u00e1 redefinindo os universos de TVs, sinaliza\u00e7\u00e3o digital, smartphones, vest\u00edveis, tablets, eletrodom\u00e9sticos e sistemas de rede, al\u00e9m de mem\u00f3ria, sistemas LSI e semicondutores. A\u00a0Samsung\u00a0tamb\u00e9m avan\u00e7a em tecnologias de imagem m\u00e9dica, solu\u00e7\u00f5es de climatiza\u00e7\u00e3o e rob\u00f3tica, enquanto desenvolve produtos automotivos e de \u00e1udio inovadores por meio da Harman. Com o ecossistema SmartThings, a colabora\u00e7\u00e3o aberta com parceiros e a integra\u00e7\u00e3o da Intelig\u00eancia Artificial em todo o portf\u00f3lio, a\u00a0Samsung\u00a0oferece uma experi\u00eancia conectada, inteligente e fluida. Al\u00e9m dos produtos e solu\u00e7\u00f5es de B2B, como a Linha Galaxy Robusta, Knox Suite e VXT. Para as not\u00edcias mais recentes da marca, acesse a\u00a0Samsung\u00a0Newsroom em\u00a0<a href=\"https:\/\/news.samsung.com\/br\/\" target=\"_blank\" rel=\"noopener nofollow\" data-saferedirecturl=\"https:\/\/www.google.com\/url?q=https:\/\/news.samsung.com\/br\/&amp;source=gmail&amp;ust=1768479239063000&amp;usg=AOvVaw3bTmaMnOHwvAYzLamq7VGU\">Link<\/a>.<\/p>\n<p>\n\tRelacionado\n<\/p>\n<p>** Este texto n\u00e3o reflete, necessariamente, a opini\u00e3o do Portal UAI.<\/p>\n","protected":false},"excerpt":{"rendered":"Drops recebeu informa\u00e7\u00f5es oficiais. A\u00a0Samsung\u00a0Electronics, l\u00edder global em tecnologia, anunciou que o Spatial Signage1\u00a0foi reconhecido pela\u00a0Consumer Technology Association&hellip;\n","protected":false},"author":2,"featured_media":228548,"comment_status":"","ping_status":"","sticky":false,"template":"","format":"standard","meta":{"footnotes":""},"categories":[84],"tags":[15336,40091,109,107,108,43914,32,33,952,105,103,104,5856,106,110],"class_list":{"0":"post-228547","1":"post","2":"type-post","3":"status-publish","4":"format-standard","5":"has-post-thumbnail","7":"category-ciencia-e-tecnologia","8":"tag-ces","9":"tag-ces-2026","10":"tag-ciencia","11":"tag-ciencia-e-tecnologia","12":"tag-cienciaetecnologia","13":"tag-displays","14":"tag-portugal","15":"tag-pt","16":"tag-samsung","17":"tag-science","18":"tag-science-and-technology","19":"tag-scienceandtechnology","20":"tag-tech","21":"tag-technology","22":"tag-tecnologia"},"share_on_mastodon":{"url":"https:\/\/pubeurope.com\/@pt\/115894344956929303","error":""},"_links":{"self":[{"href":"https:\/\/www.europesays.com\/pt\/wp-json\/wp\/v2\/posts\/228547","targetHints":{"allow":["GET"]}}],"collection":[{"href":"https:\/\/www.europesays.com\/pt\/wp-json\/wp\/v2\/posts"}],"about":[{"href":"https:\/\/www.europesays.com\/pt\/wp-json\/wp\/v2\/types\/post"}],"author":[{"embeddable":true,"href":"https:\/\/www.europesays.com\/pt\/wp-json\/wp\/v2\/users\/2"}],"replies":[{"embeddable":true,"href":"https:\/\/www.europesays.com\/pt\/wp-json\/wp\/v2\/comments?post=228547"}],"version-history":[{"count":0,"href":"https:\/\/www.europesays.com\/pt\/wp-json\/wp\/v2\/posts\/228547\/revisions"}],"wp:featuredmedia":[{"embeddable":true,"href":"https:\/\/www.europesays.com\/pt\/wp-json\/wp\/v2\/media\/228548"}],"wp:attachment":[{"href":"https:\/\/www.europesays.com\/pt\/wp-json\/wp\/v2\/media?parent=228547"}],"wp:term":[{"taxonomy":"category","embeddable":true,"href":"https:\/\/www.europesays.com\/pt\/wp-json\/wp\/v2\/categories?post=228547"},{"taxonomy":"post_tag","embeddable":true,"href":"https:\/\/www.europesays.com\/pt\/wp-json\/wp\/v2\/tags?post=228547"}],"curies":[{"name":"wp","href":"https:\/\/api.w.org\/{rel}","templated":true}]}}