{"id":228553,"date":"2026-01-14T16:17:22","date_gmt":"2026-01-14T16:17:22","guid":{"rendered":"https:\/\/www.europesays.com\/pt\/228553\/"},"modified":"2026-01-14T16:17:22","modified_gmt":"2026-01-14T16:17:22","slug":"agrediu-idoso-de-86-anos-a-soco-para-lhe-roubar-cinco-mil-euros","status":"publish","type":"post","link":"https:\/\/www.europesays.com\/pt\/228553\/","title":{"rendered":"Agrediu idoso de 86 anos a soco para lhe roubar cinco mil euros"},"content":{"rendered":"<p data-remotead-prev-elm=\"true\" data-remotead-elm-id=\"inread\">O crime ocorreu quando o suspeito abordou a v\u00edtima e lhe exigiu a entrega de todo o dinheiro que tinha na sua posse. Perante a recusa, desferiu v\u00e1rios golpes na cabe\u00e7a do idoso, acabando por lhe roubar cerca de cinco mil euros em numer\u00e1rio, colocando-se a seguir em fuga.<\/p>\n<p>A v\u00edtima sofreu ferimentos e foi transportada para uma unidade hospitalar, onde recebeu assist\u00eancia m\u00e9dica.<\/p>\n<p>No \u00e2mbito das dilig\u00eancias de investiga\u00e7\u00e3o realizadas pela GNR, foi poss\u00edvel localizar, identificar e deter o suspeito, bem como recuperar 1690 euros, quantia que j\u00e1 foi devolvida ao leg\u00edtimo propriet\u00e1rio.<\/p>\n<p data-remotead-prev-elm=\"true\" data-remotead-elm-id=\"centro1\">O detido foi ouvido em primeiro interrogat\u00f3rio judicial, no Tribunal de Instru\u00e7\u00e3o Criminal de Penafiel, tendo ficado em pris\u00e3o preventiva.<\/p>\n<p>A opera\u00e7\u00e3o contou com o apoio dos Bombeiros Volunt\u00e1rios de Lordelo.<\/p>\n","protected":false},"excerpt":{"rendered":"O crime ocorreu quando o suspeito abordou a v\u00edtima e lhe exigiu a entrega de todo o dinheiro&hellip;\n","protected":false},"author":2,"featured_media":228554,"comment_status":"","ping_status":"","sticky":false,"template":"","format":"standard","meta":{"footnotes":""},"categories":[10],"tags":[5571,27,28,15,16,2002,14,3385,603,25,26,21,22,12,13,19,20,7015,32,23,24,33,5941,17,18,29,30,31],"class_list":{"0":"post-228553","1":"post","2":"type-post","3":"status-publish","4":"format-standard","5":"has-post-thumbnail","7":"category-portugal","8":"tag-agressao","9":"tag-breaking-news","10":"tag-breakingnews","11":"tag-featured-news","12":"tag-featurednews","13":"tag-gnr","14":"tag-headlines","15":"tag-idosos","16":"tag-justica","17":"tag-latest-news","18":"tag-latestnews","19":"tag-main-news","20":"tag-mainnews","21":"tag-news","22":"tag-noticias","23":"tag-noticias-principais","24":"tag-noticiasprincipais","25":"tag-paredes","26":"tag-portugal","27":"tag-principais-noticias","28":"tag-principaisnoticias","29":"tag-pt","30":"tag-roubo","31":"tag-top-stories","32":"tag-topstories","33":"tag-ultimas","34":"tag-ultimas-noticias","35":"tag-ultimasnoticias"},"share_on_mastodon":{"url":"https:\/\/pubeurope.com\/@pt\/115894356721069295","error":""},"_links":{"self":[{"href":"https:\/\/www.europesays.com\/pt\/wp-json\/wp\/v2\/posts\/228553","targetHints":{"allow":["GET"]}}],"collection":[{"href":"https:\/\/www.europesays.com\/pt\/wp-json\/wp\/v2\/posts"}],"about":[{"href":"https:\/\/www.europesays.com\/pt\/wp-json\/wp\/v2\/types\/post"}],"author":[{"embeddable":true,"href":"https:\/\/www.europesays.com\/pt\/wp-json\/wp\/v2\/users\/2"}],"replies":[{"embeddable":true,"href":"https:\/\/www.europesays.com\/pt\/wp-json\/wp\/v2\/comments?post=228553"}],"version-history":[{"count":0,"href":"https:\/\/www.europesays.com\/pt\/wp-json\/wp\/v2\/posts\/228553\/revisions"}],"wp:featuredmedia":[{"embeddable":true,"href":"https:\/\/www.europesays.com\/pt\/wp-json\/wp\/v2\/media\/228554"}],"wp:attachment":[{"href":"https:\/\/www.europesays.com\/pt\/wp-json\/wp\/v2\/media?parent=228553"}],"wp:term":[{"taxonomy":"category","embeddable":true,"href":"https:\/\/www.europesays.com\/pt\/wp-json\/wp\/v2\/categories?post=228553"},{"taxonomy":"post_tag","embeddable":true,"href":"https:\/\/www.europesays.com\/pt\/wp-json\/wp\/v2\/tags?post=228553"}],"curies":[{"name":"wp","href":"https:\/\/api.w.org\/{rel}","templated":true}]}}