{"id":228572,"date":"2026-01-14T16:30:18","date_gmt":"2026-01-14T16:30:18","guid":{"rendered":"https:\/\/www.europesays.com\/pt\/228572\/"},"modified":"2026-01-14T16:30:18","modified_gmt":"2026-01-14T16:30:18","slug":"compra-da-gronelandia-pode-custar-cerca-de-700-mil-milhoes-de-dolares-aos-eua-trump-desafia-nato-a-ajudar","status":"publish","type":"post","link":"https:\/\/www.europesays.com\/pt\/228572\/","title":{"rendered":"Compra da Gronel\u00e2ndia pode custar cerca de 700 mil milh\u00f5es de d\u00f3lares aos EUA. Trump desafia NATO a ajudar"},"content":{"rendered":"<p>Na semana passada, Trump j\u00e1 tinha afirmado que a Gronel\u00e2ndia iria ser territ\u00f3rio dos EUA pela forma mais f\u00e1cil ou dif\u00edcil, mas esta \u00e9 uma quest\u00e3o que se afigura bastante complicada, uma vez que a Dinamarca j\u00e1 fez saber que o territ\u00f3rio n\u00e3o est\u00e1 \u00e0 venda.<\/p>\n<p>Ainda assim, segundo <a aria-label=\"content\" target=\"_blank\" href=\"https:\/\/www.nbcnews.com\/politics\/white-house\/buying-greenland-cost-much-700-billion-rcna253921\" rel=\"nofollow noopener\">a televis\u00e3o norte-americana NBC<\/a> a aquisi\u00e7\u00e3o da ilha de 2.072.000 quil\u00f3metros quadrados poderia custar at\u00e9 700 mil milh\u00f5es de euros de acordo com acad\u00e9micos e ex-funcion\u00e1rios do governo dos EUA inquiridos por aquela esta\u00e7\u00e3o.<\/p>\n<p>Ou seja, segundo estes c\u00e1lculos, seria mais de metade do or\u00e7amento anual do Departamento de Defesa dos EUA. A NBC cita um alto funcion\u00e1rio da Casa Branca que garante ter o secret\u00e1rio de Estado, Marco Rubio, recebido instru\u00e7\u00f5es para, nas pr\u00f3ximas semanas, apresentar uma proposta para a compra da Gronel\u00e2ndia, sublinhando que este plano tem uma &#8220;alta prioridade&#8221; para Trump.<\/p>\n<p>Esta ser\u00e1 uma batalha complicada para a administra\u00e7\u00e3o americana, uma vez que \u00e0 chegada a Washington, na ter\u00e7a-feira, a ministra dos Neg\u00f3cios Estrangeiros da Gronel\u00e2ndia, Vivian Motzfeldt, deixou clara a sua posi\u00e7\u00e3o: \u201cA Gronel\u00e2ndia n\u00e3o quer ser propriedade dos Estados Unidos, governada por eles ou fazer parte deles. Escolhemos a Gronel\u00e2ndia que conhecemos hoje, como parte do Reino da Dinamarca.\u201d<\/p>\n<p>As raz\u00f5es do interesse estrat\u00e9gico e mineiro<\/p>\n<p>Territ\u00f3rio aut\u00f3nomo da Dinamarca, a Gronel\u00e2ndia \u00e9 a maior ilha do mundo, com uma import\u00e2ncia geoestrat\u00e9gica e riquezas naturais sob o gelo que cobre 81% da sua superf\u00edcie a atrair o interesse dos Estados Unidos.<\/p>\n<p>A ilha situa-se no \u00c1rtico e tem uma \u00e1rea superior \u00e0 Fran\u00e7a, Gr\u00e3-Bretanha, Espanha, It\u00e1lia e Alemanha juntas, segundo o jornal norte-americano The New York Times, que refere esta quarta-feira que &#8220;se Trump conseguisse conquist\u00e1-la, seria a maior aquisi\u00e7\u00e3o territorial da hist\u00f3ria dos Estados Unidos, incluindo o Alasca e a Calif\u00f3rnia\u201d.<\/p>\n<p><strong>A Ag\u00eancia France Press aponta as principais raz\u00f5es do interesse dos EUA pela Gronel\u00e2ndia:<\/strong><\/p>\n<p>Setor mineiro pouco explorado<\/p>\n<p>Desde 2009, cabe aos gronelandeses decidir sobre o uso das mat\u00e9rias-primas da ilha.<\/p>\n<p>O governo local, que tem na pesca a principal fonte de rendimento, destaca as riquezas do subsolo, embora apenas duas minas estejam em atividade e a produ\u00e7\u00e3o seja limitada.<\/p>\n<p>Num momento de crescente procura por metais e minerais, a corrida a recursos inexplorados acelera e a Gronel\u00e2ndia poder\u00e1 afirmar-se como um \u2018eldorado\u2019, apesar do ambiente polar in\u00f3spito e das infraestruturas prec\u00e1rias.<\/p>\n<p>O acesso a estes recursos \u00e9 considerado crucial pelos norte-americanos, que assinaram em 2019 um memorando de coopera\u00e7\u00e3o no setor.<\/p>\n<p>A Uni\u00e3o Europeia (UE) seguiu o exemplo quatro anos depois.<\/p>\n<p>Bruxelas identificou na ilha 25 dos 34 minerais da sua lista oficial de mat\u00e9rias-primas essenciais, incluindo terras raras.<\/p>\n<p>A Amaroq, que explora a mina de ouro do territ\u00f3rio, pretende desenvolver a extra\u00e7\u00e3o de terras raras, zinco, chumbo e prata, al\u00e9m de elementos cr\u00edticos como germ\u00e2nio e g\u00e1lio, podendo a produ\u00e7\u00e3o arrancar em 2027 ou 2028.<\/p>\n<p>Economicamente, a Gronel\u00e2ndia depende de uma subven\u00e7\u00e3o de Copenhaga que representa um quinto do Produto Interno Bruto (PIB) da ilha.<\/p>\n<p>Proximidade a Nova Iorque<\/p>\n<p>Embora a justi\u00e7a, a pol\u00edtica monet\u00e1ria, externa e de defesa dependam de Copenhaga, a capital gronelandesa, Nuuk, est\u00e1 mais pr\u00f3xima de Nova Iorque do que da Dinamarca.<\/p>\n<p>Washington mant\u00e9m uma base militar ativa no nordeste da ilha, em Pituffik, um elo essencial do escudo antim\u00edssil norte-americano.<\/p>\n<p>Durante a Segunda Guerra Mundial, \u201cquando a Dinamarca estava ocupada pela Alemanha, os Estados Unidos apoderaram-se da Gronel\u00e2ndia e, de certa forma, nunca a deixaram\u201d, disse a historiadora Astrid Andersen \u00e0 AFP.<\/p>\n<p>Para colmatar a falta de vigil\u00e2ncia a\u00e9rea e submarina a leste, a Dinamarca est\u00e1 a investir em patrulhas \u00e1rticas, drones e radares costeiros.<\/p>\n<p>Localiza\u00e7\u00e3o estrat\u00e9gica <\/p>\n<p>Situada entre o Atl\u00e2ntico Norte e o \u00c1rtico, pr\u00f3xima dos Estados Unidos, do Canad\u00e1 e da R\u00fassia, a Gronel\u00e2ndia ocupa uma posi\u00e7\u00e3o geogr\u00e1fica estrat\u00e9gica.<\/p>\n<p>Trump acusa Copenhaga de n\u00e3o garantir a seguran\u00e7a do territ\u00f3rio face \u00e0 R\u00fassia e \u00e0 China.<\/p>\n<p>A Dinamarca rejeita as cr\u00edticas e recorda o investimento de cerca de 12 mil milh\u00f5es de euros para refor\u00e7ar a presen\u00e7a militar no \u00c1rtico.<\/p>\n<p>Horas antes de um encontro crucial em Washington com os respons\u00e1veis norte-americanos, o ministro da Defesa dinamarqu\u00eas, Troels Lund Poulsen, prometeu hoje \u201crefor\u00e7ar a presen\u00e7a militar\u201d na ilha e intensificar o di\u00e1logo com a NATO.<\/p>\n<p>Popula\u00e7\u00e3o e forma de governo<\/p>\n<p>A Gronel\u00e2ndia tem cerca de 56.600 habitantes, dos quais mais de 19.000 em Nuuk, segundo dados do Conselho N\u00f3rdico, de que faz parte.<\/p>\n<p>A ilha integra a NATO desde 1949, como parte da Dinamarca, mas saiu da UE em 1985.<\/p>\n<p>Mant\u00e9m um acordo de pescas especial e \u00e9 reconhecida como um dos territ\u00f3rios com associa\u00e7\u00e3o especial \u00e0 UE.<\/p>\n<p>O rei Frederico X da Dinamarca \u00e9 o chefe de Estado da Gronel\u00e2ndia, que tem um estatuto de autonomia, com um parlamento (Inatsisartut, 31 deputados) e um governo pr\u00f3prio, liderado pelo primeiro-ministro Jens-Frederik Nielsen desde abril de 2025.<\/p>\n<p>O dia mais longo do ano, 21 de junho, \u00e9 o dia nacional da Gronel\u00e2ndia.<\/p>\n<p>*Com Lusa<\/p>\n","protected":false},"excerpt":{"rendered":"Na semana passada, Trump j\u00e1 tinha afirmado que a Gronel\u00e2ndia iria ser territ\u00f3rio dos EUA pela forma mais&hellip;\n","protected":false},"author":2,"featured_media":228573,"comment_status":"","ping_status":"","sticky":false,"template":"","format":"standard","meta":{"footnotes":""},"categories":[50],"tags":[27,28,5546,4639,92,413,15,16,13033,14,25,26,21,22,62,12,13,19,20,23,24,17,18,29,30,31,63,64,65],"class_list":{"0":"post-228572","1":"post","2":"type-post","3":"status-publish","4":"format-standard","5":"has-post-thumbnail","7":"category-mundo","8":"tag-breaking-news","9":"tag-breakingnews","10":"tag-compra","11":"tag-dinamarca","12":"tag-donald-trump","13":"tag-eua","14":"tag-featured-news","15":"tag-featurednews","16":"tag-gronelandia","17":"tag-headlines","18":"tag-latest-news","19":"tag-latestnews","20":"tag-main-news","21":"tag-mainnews","22":"tag-mundo","23":"tag-news","24":"tag-noticias","25":"tag-noticias-principais","26":"tag-noticiasprincipais","27":"tag-principais-noticias","28":"tag-principaisnoticias","29":"tag-top-stories","30":"tag-topstories","31":"tag-ultimas","32":"tag-ultimas-noticias","33":"tag-ultimasnoticias","34":"tag-world","35":"tag-world-news","36":"tag-worldnews"},"share_on_mastodon":{"url":"https:\/\/pubeurope.com\/@pt\/115894407858048504","error":""},"_links":{"self":[{"href":"https:\/\/www.europesays.com\/pt\/wp-json\/wp\/v2\/posts\/228572","targetHints":{"allow":["GET"]}}],"collection":[{"href":"https:\/\/www.europesays.com\/pt\/wp-json\/wp\/v2\/posts"}],"about":[{"href":"https:\/\/www.europesays.com\/pt\/wp-json\/wp\/v2\/types\/post"}],"author":[{"embeddable":true,"href":"https:\/\/www.europesays.com\/pt\/wp-json\/wp\/v2\/users\/2"}],"replies":[{"embeddable":true,"href":"https:\/\/www.europesays.com\/pt\/wp-json\/wp\/v2\/comments?post=228572"}],"version-history":[{"count":0,"href":"https:\/\/www.europesays.com\/pt\/wp-json\/wp\/v2\/posts\/228572\/revisions"}],"wp:featuredmedia":[{"embeddable":true,"href":"https:\/\/www.europesays.com\/pt\/wp-json\/wp\/v2\/media\/228573"}],"wp:attachment":[{"href":"https:\/\/www.europesays.com\/pt\/wp-json\/wp\/v2\/media?parent=228572"}],"wp:term":[{"taxonomy":"category","embeddable":true,"href":"https:\/\/www.europesays.com\/pt\/wp-json\/wp\/v2\/categories?post=228572"},{"taxonomy":"post_tag","embeddable":true,"href":"https:\/\/www.europesays.com\/pt\/wp-json\/wp\/v2\/tags?post=228572"}],"curies":[{"name":"wp","href":"https:\/\/api.w.org\/{rel}","templated":true}]}}