{"id":228579,"date":"2026-01-14T16:34:08","date_gmt":"2026-01-14T16:34:08","guid":{"rendered":"https:\/\/www.europesays.com\/pt\/228579\/"},"modified":"2026-01-14T16:34:08","modified_gmt":"2026-01-14T16:34:08","slug":"secretaria-de-cultura-abre-mais-de-1300-vagas-para-cursos-de-arte-educacao-do-ano-letivo-2026-prefeitura-de-campina-grande","status":"publish","type":"post","link":"https:\/\/www.europesays.com\/pt\/228579\/","title":{"rendered":"Secretaria de Cultura abre mais de 1300 vagas para cursos de arte-educa\u00e7\u00e3o do ano letivo 2026 | Prefeitura de Campina Grande"},"content":{"rendered":"<p>\n    Inscri\u00e7\u00f5es acontecem de 19 a 30 de janeiro, com oferta de 21 cursos divididos entre o Centro Cultural Lourdes Ramalho e Esta\u00e7\u00e3o Cidadania-cultura.<\/p>\n<p>A Prefeitura de Campina Grande, por meio da Secretaria de Cultura (Secult), anuncia a abertura das matr\u00edculas dos cursos de forma\u00e7\u00e3o art\u00edstica do Centro Cultural Lourdes Ramalho e Esta\u00e7\u00e3o Cidadania-cultura, onde ser\u00e3o disponibilizadas mais de 1300 vagas, distribu\u00eddas em 76 turmas, contemplando 21 cursos gratuitos. As inscri\u00e7\u00f5es acontecem de 19 a 30 de janeiro de 2026, com in\u00edcio das aulas marcado para o dia 23 de fevereiro de 2026.<\/p>\n<p>Fotos: Alex Barros<\/p>\n<p>No Centro Cultural o atendimento ser\u00e1 realizado nos hor\u00e1rios das 8h \u00e0s 11h, 13h \u00e0s 17h e 18h \u00e0s 20h, com a entrega de 100 fichas por dia, por ordem de chegada. As matr\u00edculas s\u00e3o destinadas a crian\u00e7as, jovens, adultos e idosos, refor\u00e7ando o car\u00e1ter inclusivo do equipamento cultural. O equipamento fica localizado na Rua Paulino Raposo s\/n, no bairro S\u00e3o Jos\u00e9. Mais informa\u00e7\u00f5es podem ser obtidas pelo telefone (83) 3343-1523 ou pelo Instagram oficial do Centro Cultural Lourdes Ramalho, no perfil @centrocultural.cg.<\/p>\n<p>J\u00e1 na Esta\u00e7\u00e3o Cidadania, o atendimento \u00e9 de segunda a sexta, de 8h \u00e0s 12h e de 13h \u00e0s 17h. O telefone para contato \u00e9 o 3339-9193, e o espa\u00e7o fica localizado na Rua das Quixabeiras, s\/n, Malvinas.<\/p>\n<p>Entre os cursos ofertados est\u00e3o: Inicia\u00e7\u00e3o ao Desenho, Pintura em Tela, Teatro, Dan\u00e7a do Ventre, Tribal Fusion, Dan\u00e7as Ciganas e Art\u00edsticas, Bal\u00e9 Cl\u00e1ssico, Break Dance, Dan\u00e7a Contempor\u00e2nea, Dan\u00e7a Urbana, Dan\u00e7a de Sal\u00e3o, Dan\u00e7as Populares e Folcl\u00f3ricas, Jazz Dance, Viol\u00e3o Popular, Sanfona Nordestina, P\u00edfano, Percuss\u00e3o Nordestina, Capoeira Angola, Fusionbellydance, al\u00e9m de cursos voltados para a terceira idade, como Ritmos para 3\u00aa Idade e Dan\u00e7a para 3\u00aa Idade.<\/p>\n<p>O secret\u00e1rio de Cultura de Campina Grande, Andr\u00e9 Gomes, destacou a import\u00e2ncia do Centro Cultural Lourdes Ramalho como uma pol\u00edtica p\u00fablica estruturante para o munic\u00edpio.<\/p>\n<p>\u201cOs cursos de arte-educa\u00e7\u00e3o \u00e9 uma pol\u00edtica p\u00fablica que garante acesso gratuito \u00e0 forma\u00e7\u00e3o art\u00edstica e cultural, alcan\u00e7ando pessoas de todas as idades. \u00c9 um espa\u00e7o de forma\u00e7\u00e3o, inclus\u00e3o e descoberta de novos talentos, que fortalece identidades e contribui diretamente para o desenvolvimento cultural de Campina Grande\u201d, afirmou o secret\u00e1rio.<\/p>\n<p>Para efetiva\u00e7\u00e3o da matr\u00edcula, \u00e9 necess\u00e1ria a apresenta\u00e7\u00e3o de duas fotos 3\u00d74, c\u00f3pia do RG, comprovante de resid\u00eancia leg\u00edvel e atualizado e declara\u00e7\u00e3o escolar ou RDM, para quem estiver estudando. No caso de alunos menores de idade, \u00e9 obrigat\u00f3ria a presen\u00e7a do respons\u00e1vel legal no ato da matr\u00edcula, al\u00e9m da apresenta\u00e7\u00e3o da c\u00f3pia do RG do respons\u00e1vel.<\/p>\n<p>Codecom<\/p>\n<p>    <br clear=\"all\"\/><\/p>\n","protected":false},"excerpt":{"rendered":"Inscri\u00e7\u00f5es acontecem de 19 a 30 de janeiro, com oferta de 21 cursos divididos entre o Centro Cultural&hellip;\n","protected":false},"author":2,"featured_media":228580,"comment_status":"","ping_status":"","sticky":false,"template":"","format":"standard","meta":{"footnotes":""},"categories":[144],"tags":[207,205,206,203,201,202,204,114,115,32,33],"class_list":{"0":"post-228579","1":"post","2":"type-post","3":"status-publish","4":"format-standard","5":"has-post-thumbnail","7":"category-arte-e-design","8":"tag-arte","9":"tag-arte-e-design","10":"tag-artedesign","11":"tag-arts","12":"tag-arts-and-design","13":"tag-artsanddesign","14":"tag-design","15":"tag-entertainment","16":"tag-entretenimento","17":"tag-portugal","18":"tag-pt"},"share_on_mastodon":{"url":"https:\/\/pubeurope.com\/@pt\/115894423571223328","error":""},"_links":{"self":[{"href":"https:\/\/www.europesays.com\/pt\/wp-json\/wp\/v2\/posts\/228579","targetHints":{"allow":["GET"]}}],"collection":[{"href":"https:\/\/www.europesays.com\/pt\/wp-json\/wp\/v2\/posts"}],"about":[{"href":"https:\/\/www.europesays.com\/pt\/wp-json\/wp\/v2\/types\/post"}],"author":[{"embeddable":true,"href":"https:\/\/www.europesays.com\/pt\/wp-json\/wp\/v2\/users\/2"}],"replies":[{"embeddable":true,"href":"https:\/\/www.europesays.com\/pt\/wp-json\/wp\/v2\/comments?post=228579"}],"version-history":[{"count":0,"href":"https:\/\/www.europesays.com\/pt\/wp-json\/wp\/v2\/posts\/228579\/revisions"}],"wp:featuredmedia":[{"embeddable":true,"href":"https:\/\/www.europesays.com\/pt\/wp-json\/wp\/v2\/media\/228580"}],"wp:attachment":[{"href":"https:\/\/www.europesays.com\/pt\/wp-json\/wp\/v2\/media?parent=228579"}],"wp:term":[{"taxonomy":"category","embeddable":true,"href":"https:\/\/www.europesays.com\/pt\/wp-json\/wp\/v2\/categories?post=228579"},{"taxonomy":"post_tag","embeddable":true,"href":"https:\/\/www.europesays.com\/pt\/wp-json\/wp\/v2\/tags?post=228579"}],"curies":[{"name":"wp","href":"https:\/\/api.w.org\/{rel}","templated":true}]}}