{"id":228605,"date":"2026-01-14T16:54:20","date_gmt":"2026-01-14T16:54:20","guid":{"rendered":"https:\/\/www.europesays.com\/pt\/228605\/"},"modified":"2026-01-14T16:54:20","modified_gmt":"2026-01-14T16:54:20","slug":"veneno-de-vespa-abre-nova-frente-na-busca-por-terapias-contra-o-alzheimer","status":"publish","type":"post","link":"https:\/\/www.europesays.com\/pt\/228605\/","title":{"rendered":"Veneno de vespa abre nova frente na busca por terapias contra o Alzheimer"},"content":{"rendered":"<p class=\"my-5 break-words group-[.isActiveSource]:text-xl\">Um projeto interdisciplinar desenvolvido na UnB (Universidade de Bras\u00edlia) d\u00e1 f\u00f4lego \u00e0 busca por tratamentos capazes de desacelerar o avan\u00e7o da doen\u00e7a de Alzheimer. Os pesquisadores t\u00eam investigado uma terapia a partir do uso de duas mol\u00e9culas inspiradas no veneno do marimbondo-estrela (Polybia occidentalis), um tipo de vespa brasileira.<\/p>\n<p class=\"my-5 break-words group-[.isActiveSource]:text-xl\">Em estudo publicado no in\u00edcio de 2025 na <a href=\"https:\/\/doi.org\/10.1002\/prot.26806\" target=\"_blank\" rel=\"noopener noreferrer nofollow\" class=\"text-red-600 underline hover:text-red-500 font-medium break-words group-[.isActiveSource]:text-xl\">revista Proteins<\/a>, as subst\u00e2ncias octovespin e fraternina-10 demonstraram capacidade de interferir na forma\u00e7\u00e3o das placas de prote\u00edna beta-amiloide no c\u00e9rebro. Quando em excesso, elas se acumulam entre os neur\u00f4nios, causando inflama\u00e7\u00e3o e interrompendo a comunica\u00e7\u00e3o dessas c\u00e9lulas. Em longo prazo, isso leva \u00e0 morte neural e ao decl\u00ednio cognitivo, o <a href=\"https:\/\/www.cnnbrasil.com.br\/saude\/alzheimer-precoce-veja-sinais-de-alerta-que-podem-surgir-ja-aos-50-anos\/\" target=\"_blank\" rel=\"noopener noreferrer nofollow\" class=\"text-red-600 underline hover:text-red-500 font-medium break-words group-[.isActiveSource]:text-xl\">Alzheimer<\/a>.<\/p>\n<p class=\"my-5 break-words group-[.isActiveSource]:text-xl\">\u00a0<\/p>\n<p class=\"my-5 break-words group-[.isActiveSource]:text-xl\">\u00a0<\/p>\n<p class=\"my-5 break-words group-[.isActiveSource]:text-xl\">Desfazer essas forma\u00e7\u00f5es t\u00f3xicas, por meio das chamadas terapias antiamiloides, poderia ser um caminho promissor. E \u00e9 justamente para onde cientistas de v\u00e1rios pa\u00edses t\u00eam olhado. \u201cAs terapias antiamiloides s\u00e3o o que temos de mais novo atualmente\u201d, explica o neurologista Ivan Okamoto, do Einstein Hospital Israelita. \u201cNo Brasil, elas s\u00f3 foram aprovadas pela Ag\u00eancia Nacional de Vigil\u00e2ncia Sanit\u00e1ria em abril deste ano [2025], e o tratamento continua restrito ao medicamento donanemabe, comercializado como Kisunla.\u201d<\/p>\n<p>D\u00e9cadas de trabalho<\/p>\n<p class=\"my-5 break-words group-[.isActiveSource]:text-xl\">A investiga\u00e7\u00e3o com pept\u00eddeos derivados de marimbondos j\u00e1 dura 25 anos, e come\u00e7ou com a neurocientista M\u00e1rcia Mortari, do Instituto de Biologia da UnB. Mortari observou que a picada desses insetos era capaz de paralisar pequenas presas, indicando que o veneno continha subst\u00e2ncias ativas no sistema nervoso.<\/p>\n<p class=\"my-5 break-words group-[.isActiveSource]:text-xl\">Mortari iniciou um longo processo de isolamento e caracteriza\u00e7\u00e3o dos diferentes compostos presentes no veneno, o que permitiu identificar mol\u00e9culas de grande interesse farmacol\u00f3gico. O primeiro pept\u00eddeo isolado, a occidentalina-1202, mostrou-se capaz de prevenir convuls\u00f5es, e um de seus derivados, a neurovespina, apresentou efeitos anticonvulsivantes e potencial de prevenir doen\u00e7as neurodegenerativas, como <a href=\"https:\/\/www.cnnbrasil.com.br\/saude\/parkinson-veja-3-tratamentos-que-fornecem-mais-qualidade-de-vida\/\" target=\"_blank\" rel=\"noopener noreferrer nofollow\" class=\"text-red-600 underline hover:text-red-500 font-medium break-words group-[.isActiveSource]:text-xl\">Parkinson<\/a>.<\/p>\n<p class=\"my-5 break-words group-[.isActiveSource]:text-xl\">A partir dessas descobertas, vers\u00f5es modificadas da occidentalina-1202 foram desenvolvidas, originando a octovespina. Estudos experimentais conduzidos pela professora Luana Camargo, do Instituto de Psicologia da UnB, sugerem que a mol\u00e9cula poderia prevenir as primeiras altera\u00e7\u00f5es fisiol\u00f3gicas associadas \u00e0 doen\u00e7a de Alzheimer: as placas beta-amiloides. Sabe-se que essas estruturas come\u00e7am a se formar no c\u00e9rebro cerca de 10 a 15 anos antes dos primeiros sintomas cl\u00e1ssicos do Alzheimer, como <a href=\"https:\/\/www.cnnbrasil.com.br\/saude\/conheca-oito-fatores-que-podem-causar-lapsos-de-memoria-e-saiba-como-evita-los\/\" target=\"_blank\" rel=\"noopener noreferrer nofollow\" class=\"text-red-600 underline hover:text-red-500 font-medium break-words group-[.isActiveSource]:text-xl\">confus\u00e3o mental<\/a> e esquecimento. Portanto, se confirmada sua efic\u00e1cia em novos estudos, a octovespina poderia ser utilizada em uma fase muito inicial da doen\u00e7a, diminuindo os riscos de complica\u00e7\u00f5es severas.<\/p>\n<p class=\"my-5 break-words group-[.isActiveSource]:text-xl\">Outra mol\u00e9cula desenvolvida foi a alzpeptidina, que combina caracter\u00edsticas da octovespina e da fraternina-10, um pept\u00eddeo tamb\u00e9m derivado de veneno de vespa. Esse h\u00edbrido foi concebido para potencializar as propriedades terap\u00eauticas observadas nos pept\u00eddeos naturais. \u201cA abordagem possibilitou explorar, de forma r\u00e1pida e controlada, diferentes modifica\u00e7\u00f5es estruturais, identificando quais delas podem tornar os compostos mais est\u00e1veis, mais seletivos e mais eficazes\u201d, afirmam os autores, em nota \u00e0 Ag\u00eancia Einstein.<\/p>\n<p class=\"my-5 break-words group-[.isActiveSource]:text-xl\">A partir de simula\u00e7\u00f5es computacionais, os professores Ricardo Gargano e Yuri Alves de Oliveira S\u00f3, do Instituto de F\u00edsica da universidade, verificaram que os pept\u00eddeos provocam altera\u00e7\u00f5es estruturais importantes nas placas proteicas, indicando forte potencial de desagrega\u00e7\u00e3o. \u201cTestes envolvendo a octovespina mostraram que, quando administrada diretamente no c\u00e9rebro de camundongos, ela n\u00e3o apenas diminui a aglomera\u00e7\u00e3o da beta-amiloide, mas tamb\u00e9m reduz sintomas da doen\u00e7a, como o esquecimento. Esta \u00e9 a principal diferen\u00e7a entre os derivados do veneno do marimbondo e os medicamentos dispon\u00edveis hoje\u201d, destacam os cientistas.<\/p>\n<p>Limita\u00e7\u00f5es a serem superadas<\/p>\n<p class=\"my-5 break-words group-[.isActiveSource]:text-xl\">Tanto a octovespina quanto a fraternina-10 conseguiram postergar ou reduzir a forma\u00e7\u00e3o de aglomerados proteicos nas simula\u00e7\u00f5es computacionais e in vitro. Nos testes com animais, entretanto, os resultados foram menos expressivos. A fraternina-10, por exemplo, n\u00e3o conseguiu repetir o feito de reverter d\u00e9ficits cognitivos em camundongos com altera\u00e7\u00f5es neurais semelhantes \u00e0quelas causadas pelo Alzheimer nos seres humanos.<\/p>\n<p class=\"my-5 break-words group-[.isActiveSource]:text-xl\">Isso se deu porque as simula\u00e7\u00f5es simplificaram o processo de desagrega\u00e7\u00e3o das placas beta-amiloides. Da mesma forma, como os testes in vitro s\u00e3o feitos em condi\u00e7\u00f5es extremamente controladas, eles n\u00e3o refletem a complexidade do ambiente biol\u00f3gico em um organismo vivo. Por isso, \u00e9 esperado que surjam diferen\u00e7as quantitativas entre os resultados obtidos em simula\u00e7\u00f5es, experimentos de bancada e estudos in vivo.<\/p>\n<p class=\"my-5 break-words group-[.isActiveSource]:text-xl\">Apesar dessas limita\u00e7\u00f5es, as simula\u00e7\u00f5es mostraram forte concord\u00e2ncia com os experimentos. \u201cIsso garante previsibilidade, orienta a interpreta\u00e7\u00e3o dos resultados biol\u00f3gicos e, sobretudo, fornece bases s\u00f3lidas para o planejamento racional de novos f\u00e1rmacos, guiando o desenho de pept\u00eddeos mais eficientes para as pr\u00f3ximas fases da pesquisa\u201d, avaliam os autores.<\/p>\n<p class=\"my-5 break-words group-[.isActiveSource]:text-xl\">Mesmo com os avan\u00e7os alcan\u00e7ados at\u00e9 agora, ainda ser\u00e3o necess\u00e1rios alguns anos para que as subst\u00e2ncias derivadas do veneno de marimbondo possam avan\u00e7ar para etapas pr\u00e9-cl\u00ednicas ampliadas ou ensaios cl\u00ednicos em humanos. O pr\u00f3ximo passo envolve novos estudos em modelos animais, especialmente para determinar qual \u00e9 a via de administra\u00e7\u00e3o mais adequada, j\u00e1 que a aplica\u00e7\u00e3o direta no c\u00e9rebro n\u00e3o \u00e9 uma op\u00e7\u00e3o vi\u00e1vel em termos cl\u00ednicos.<\/p>\n<p class=\"my-5 break-words group-[.isActiveSource]:text-xl\">Tamb\u00e9m ser\u00e3o necess\u00e1rios estudos aprofundados de dose, toxicidade, seguran\u00e7a e farmacocin\u00e9tica para assegurar que esses compostos possam ser administrados sem riscos. Somente ap\u00f3s a consolida\u00e7\u00e3o dessas informa\u00e7\u00f5es ser\u00e1 poss\u00edvel considerar a transi\u00e7\u00e3o para testes em humanos.<\/p>\n<p>Envelhecimento da popula\u00e7\u00e3o<\/p>\n<p class=\"my-5 break-words group-[.isActiveSource]:text-xl\">Em um cen\u00e1rio de invers\u00e3o da pir\u00e2mide demogr\u00e1fica brasileira \u2014 ou seja, de crescimento do n\u00famero de idosos e diminui\u00e7\u00e3o da quantidade de crian\u00e7as \u2014, o Alzheimer aparece como uma crise de sa\u00fade coletiva iminente.<\/p>\n<p class=\"my-5 break-words group-[.isActiveSource]:text-xl\">Com o avan\u00e7ar da idade, \u00e9 comum que ocorram lapsos de mem\u00f3ria pontuais, como esquecer de pagar uma conta ou confundir a data de um evento. Isso \u00e9 esperado, e n\u00e3o deve ser motivo de preocupa\u00e7\u00e3o. \u201cPor\u00e9m, quando essas ocorr\u00eancias tornam-se frequentes e come\u00e7am a prejudicar a seguran\u00e7a do indiv\u00edduo e de seus familiares, como se perder no caminho para casa ou deixar a panela no fogo desatendida, \u00e9 recomendado buscar ajuda profissional para uma investiga\u00e7\u00e3o do caso\u201d, pontua Okamoto.<\/p>\n<p class=\"my-5 break-words group-[.isActiveSource]:text-xl\">Al\u00e9m de conversas com o paciente e seus familiares, o m\u00e9dico pode iniciar as buscas por biomarcadores da dem\u00eancia, como os dep\u00f3sitos da prote\u00edna amiloide no c\u00e9rebro, por meio de um exame de imagem PET-CT amiloide.<\/p>\n<p class=\"my-5 break-words group-[.isActiveSource]:text-xl\">Em 2019, havia 1,8 milh\u00e3o de pessoas com doen\u00e7as neurodegenerativas no Brasil, segundo o <a href=\"https:\/\/bvsms.saude.gov.br\/bvs\/publicacoes\/relatorio_nacional_demencia_brasil.pdf\" target=\"_blank\" rel=\"noopener noreferrer nofollow\" class=\"text-red-600 underline hover:text-red-500 font-medium break-words group-[.isActiveSource]:text-xl\">Relat\u00f3rio Nacional sobre a Dem\u00eancia<\/a>, publicado em 2024 pelo Minist\u00e9rio da Sa\u00fade. A estimativa \u00e9 de que esse n\u00famero salte para 5,7 milh\u00f5es de casos em 2050. Para al\u00e9m da sa\u00fade, isso se reflete em quest\u00f5es sociais, pol\u00edticas e econ\u00f4micas. \u201cComo nem todo mundo tem condi\u00e7\u00f5es de pagar por um servi\u00e7o de cuidado especializado, algumas pessoas ter\u00e3o que sair do mercado de trabalho formal para poder cuidar de seus av\u00f3s, pais e tios\u201d, ilustra o m\u00e9dico do Einstein.<\/p>\n<p class=\"my-5 break-words group-[.isActiveSource]:text-xl\">Na pr\u00e1tica, isso pode gerar sobrecarga f\u00edsica, emocional e financeira para amigos e familiares da pessoa diagnosticada com Alzheimer. Da\u00ed a import\u00e2ncia dos investimentos direcionados ao tratamento da doen\u00e7a. \u201cA terapia antiamiloide pode n\u00e3o ser uma cura para o Alzheimer, mas \u00e9 um tratamento que ajuda a frear o avan\u00e7o da doen\u00e7a, estabilizando o cen\u00e1rio de degenera\u00e7\u00e3o cognitiva e mantendo as capacidades do indiv\u00edduo de aprender habilidades novas, socializar e ter certa autonomia\u201d, avalia Ivan Okamoto. \u201cMesmo sem melhora do quadro, se ap\u00f3s um ano de tratamento o indiv\u00edduo n\u00e3o apresentar piora nos sintomas, isso j\u00e1 \u00e9 uma resposta positiva.\u201d<\/p>\n","protected":false},"excerpt":{"rendered":"Um projeto interdisciplinar desenvolvido na UnB (Universidade de Bras\u00edlia) d\u00e1 f\u00f4lego \u00e0 busca por tratamentos capazes de desacelerar&hellip;\n","protected":false},"author":2,"featured_media":228606,"comment_status":"","ping_status":"","sticky":false,"template":"","format":"standard","meta":{"footnotes":""},"categories":[86],"tags":[116,32,33,117],"class_list":{"0":"post-228605","1":"post","2":"type-post","3":"status-publish","4":"format-standard","5":"has-post-thumbnail","7":"category-saude","8":"tag-health","9":"tag-portugal","10":"tag-pt","11":"tag-saude"},"share_on_mastodon":{"url":"https:\/\/pubeurope.com\/@pt\/115894502188593730","error":""},"_links":{"self":[{"href":"https:\/\/www.europesays.com\/pt\/wp-json\/wp\/v2\/posts\/228605","targetHints":{"allow":["GET"]}}],"collection":[{"href":"https:\/\/www.europesays.com\/pt\/wp-json\/wp\/v2\/posts"}],"about":[{"href":"https:\/\/www.europesays.com\/pt\/wp-json\/wp\/v2\/types\/post"}],"author":[{"embeddable":true,"href":"https:\/\/www.europesays.com\/pt\/wp-json\/wp\/v2\/users\/2"}],"replies":[{"embeddable":true,"href":"https:\/\/www.europesays.com\/pt\/wp-json\/wp\/v2\/comments?post=228605"}],"version-history":[{"count":0,"href":"https:\/\/www.europesays.com\/pt\/wp-json\/wp\/v2\/posts\/228605\/revisions"}],"wp:featuredmedia":[{"embeddable":true,"href":"https:\/\/www.europesays.com\/pt\/wp-json\/wp\/v2\/media\/228606"}],"wp:attachment":[{"href":"https:\/\/www.europesays.com\/pt\/wp-json\/wp\/v2\/media?parent=228605"}],"wp:term":[{"taxonomy":"category","embeddable":true,"href":"https:\/\/www.europesays.com\/pt\/wp-json\/wp\/v2\/categories?post=228605"},{"taxonomy":"post_tag","embeddable":true,"href":"https:\/\/www.europesays.com\/pt\/wp-json\/wp\/v2\/tags?post=228605"}],"curies":[{"name":"wp","href":"https:\/\/api.w.org\/{rel}","templated":true}]}}