{"id":228607,"date":"2026-01-14T16:56:35","date_gmt":"2026-01-14T16:56:35","guid":{"rendered":"https:\/\/www.europesays.com\/pt\/228607\/"},"modified":"2026-01-14T16:56:35","modified_gmt":"2026-01-14T16:56:35","slug":"samsung-galaxy-s26-vai-herdar-esta-caracteristica-muito-desejavel-do-a56","status":"publish","type":"post","link":"https:\/\/www.europesays.com\/pt\/228607\/","title":{"rendered":"Samsung Galaxy S26 vai herdar esta caracter\u00edstica muito desej\u00e1vel do A56"},"content":{"rendered":"<p class=\"leading\">\n                O premium Galaxy S26 vai ter algo em comum com o gama m\u00e9dia Galaxy A56. E, por estranho que pare\u00e7a, estamos perante boas not\u00edcias para os utilizadores.            <\/p>\n<p>        <img decoding=\"async\" alt=\"Samsung Galaxy A56\" height=\"900\" src=\"https:\/\/www.europesays.com\/pt\/wp-content\/uploads\/2026\/01\/samsung-galaxy-a56-fundo-castanho-designer.jpg\" width=\"1600\" fetchpriority=\"high\"\/><br \/>\nSamsung Galaxy A56 <\/p>\n<p><a href=\"https:\/\/whatsapp.com\/channel\/0029Va54F7B7j6gBNXobAM16\" rel=\"nofollow noopener\" class=\"banner-deals mb20 banner-deals-rotation banner-deals-rotation--whatsapp\" target=\"_blank\"><\/p>\n<p>        Entra no nosso canal Whatsapp<br \/>e recebe as melhores ofertas<\/p>\n<p>        ENTRAR\n    <\/p>\n<p><\/a><br \/>\nSamsung vai dar carregamento r\u00e1pido de 45 watts ao Galaxy S26<\/p>\n<p>J\u00e1 n\u00e3o falta muito para conhecermos a pr\u00f3xima s\u00e9rie de smartphones premium <a href=\"https:\/\/4gnews.pt\/samsung-galaxy-s26\/\" rel=\"nofollow noopener\" target=\"_blank\">Galaxy S26 da Samsung<\/a>. E os rumores continuam a multiplicar-se no mundo online. O mais recente concentra as suas aten\u00e7\u00f5es no modelo base Galaxy S26.<\/p>\n<p>O <a href=\"https:\/\/x.com\/AhmedQwaider888\/status\/2011256976295207264\" rel=\"nofollow\">leaker Ahmed Qwaider<\/a> est\u00e1 a avan\u00e7ar, na rede social X, que o Galaxy S26 vai ter uma atualiza\u00e7\u00e3o no carregamento r\u00e1pido. Diz o leaker que o novo modelo base vai passar dos atuais 25 watts para 45 watts.<\/p>\n<p>Esta \u00e9 uma atualiza\u00e7\u00e3o muito bem-vinda que o coloca em p\u00e9 de igualdade com o atual <a href=\"https:\/\/4gnews.pt\/samsung-galaxy-a56-review\/\" rel=\"nofollow noopener\" target=\"_blank\">Galaxy A56<\/a>. Ali\u00e1s, este gama m\u00e9dia acaba por ter a mesma velocidade de carregamento do pr\u00f3ximo do novo Galaxy S26+.<\/p>\n<p>E ainda que seja uma boa not\u00edcia o suporte mais c\u00e9lere de carregamento para o modelo base premium da Samsung, este continua a ficar aqu\u00e9m de alguns rivais chineses, como por exemplo o Xiaomi 15 que conta com um suporte de carregamento de 90 watts.<\/p>\n<p>Os processadores<\/p>\n<p>Na mesma publica\u00e7\u00e3o, o leaker Ahmed Qwaider faz refer\u00eancia tamb\u00e9m aos processadores a serem integrados em cada modelo da s\u00e9rie Galaxy S26. E, de acordo com este rumor, o Galaxy S26 Ultra vai manter-se fiel \u00e0 Qualcomm, com o Snapdragon 8 Elite Gen 5, baseado em 3 nm.<\/p>\n<p>Mas tanto o modelo base como o Plus v\u00e3o usar a \u201cprata da casa\u201d, alojando no seu interior o chip Exynos 2600. E aten\u00e7\u00e3o que este processador \u00e9 j\u00e1 baseado no processo de 2 nm, para maior efici\u00eancia energ\u00e9tica e desempenho.<\/p>\n<p>Fica por esclarecer se a Samsung vai usar estas f\u00f3rmulas a n\u00edvel global ou se vai destinar processadores diferentes para mercados diferentes. A manter-se a tradi\u00e7\u00e3o, a Europa vai receber os modelos com processador Exynos.<\/p>\n<p><a href=\"https:\/\/amzn.to\/4qrF3hu\" target=\"_blank\" rel=\"nofollow noreferrer noopener\"><img decoding=\"async\" alt=\"Samsung Galaxy A56 Dual 128 GB\" height=\"488\" width=\"650\" class=\"lazyload\" src=\"https:\/\/www.europesays.com\/pt\/wp-content\/uploads\/2026\/01\/samsung-galaxy-a56-dual-128-gb-41-y-ppiuml-sl500.jpg\" loading=\"lazy\"\/><\/a><\/p>\n<p><a href=\"https:\/\/amzn.to\/4sXvgl9\" target=\"_blank\" rel=\"nofollow noreferrer noopener\"><img decoding=\"async\" alt=\"Samsung Galaxy S25\" height=\"488\" width=\"650\" class=\"lazyload\" src=\"https:\/\/www.europesays.com\/pt\/wp-content\/uploads\/2025\/12\/samsung-galaxy-s25-41i2jjxsnwl-sl500.jpg\" loading=\"lazy\"\/><\/a><\/p>\n<p><a class=\"affiliate-title\" href=\"https:\/\/amzn.to\/4sXvgl9\" target=\"_blank\" rel=\"nofollow noreferrer noopener\">Samsung Galaxy S25<\/a>c\u00e2mara 50 MP, 12 GB RAM, 256 GB de mem\u00f3ria, Galaxy IA, resist\u00eancia IP68<\/p>\n<p class=\"inline-related-title\">Editores 4gnews recomendam:<\/p>\n","protected":false},"excerpt":{"rendered":"O premium Galaxy S26 vai ter algo em comum com o gama m\u00e9dia Galaxy A56. E, por estranho&hellip;\n","protected":false},"author":2,"featured_media":228608,"comment_status":"","ping_status":"","sticky":false,"template":"","format":"standard","meta":{"footnotes":""},"categories":[84],"tags":[109,107,108,32,33,105,103,104,106,110],"class_list":{"0":"post-228607","1":"post","2":"type-post","3":"status-publish","4":"format-standard","5":"has-post-thumbnail","7":"category-ciencia-e-tecnologia","8":"tag-ciencia","9":"tag-ciencia-e-tecnologia","10":"tag-cienciaetecnologia","11":"tag-portugal","12":"tag-pt","13":"tag-science","14":"tag-science-and-technology","15":"tag-scienceandtechnology","16":"tag-technology","17":"tag-tecnologia"},"share_on_mastodon":{"url":"https:\/\/pubeurope.com\/@pt\/115894510141437525","error":""},"_links":{"self":[{"href":"https:\/\/www.europesays.com\/pt\/wp-json\/wp\/v2\/posts\/228607","targetHints":{"allow":["GET"]}}],"collection":[{"href":"https:\/\/www.europesays.com\/pt\/wp-json\/wp\/v2\/posts"}],"about":[{"href":"https:\/\/www.europesays.com\/pt\/wp-json\/wp\/v2\/types\/post"}],"author":[{"embeddable":true,"href":"https:\/\/www.europesays.com\/pt\/wp-json\/wp\/v2\/users\/2"}],"replies":[{"embeddable":true,"href":"https:\/\/www.europesays.com\/pt\/wp-json\/wp\/v2\/comments?post=228607"}],"version-history":[{"count":0,"href":"https:\/\/www.europesays.com\/pt\/wp-json\/wp\/v2\/posts\/228607\/revisions"}],"wp:featuredmedia":[{"embeddable":true,"href":"https:\/\/www.europesays.com\/pt\/wp-json\/wp\/v2\/media\/228608"}],"wp:attachment":[{"href":"https:\/\/www.europesays.com\/pt\/wp-json\/wp\/v2\/media?parent=228607"}],"wp:term":[{"taxonomy":"category","embeddable":true,"href":"https:\/\/www.europesays.com\/pt\/wp-json\/wp\/v2\/categories?post=228607"},{"taxonomy":"post_tag","embeddable":true,"href":"https:\/\/www.europesays.com\/pt\/wp-json\/wp\/v2\/tags?post=228607"}],"curies":[{"name":"wp","href":"https:\/\/api.w.org\/{rel}","templated":true}]}}