{"id":228619,"date":"2026-01-14T17:06:08","date_gmt":"2026-01-14T17:06:08","guid":{"rendered":"https:\/\/www.europesays.com\/pt\/228619\/"},"modified":"2026-01-14T17:06:08","modified_gmt":"2026-01-14T17:06:08","slug":"fa-de-godzilla-minus-one-sequela-do-fenomeno-japones-chega-este-ano-aos-cinemas","status":"publish","type":"post","link":"https:\/\/www.europesays.com\/pt\/228619\/","title":{"rendered":"F\u00e3 de &#8220;Godzilla Minus One&#8221;? Sequela do fen\u00f3meno japon\u00eas chega este ano aos cinemas"},"content":{"rendered":"<p>A sequela do fen\u00f3meno de popularidade que foi &#8220;Godzilla Minus One&#8221; (2023) vai chegar aos cinemas a 6 de novembro.<\/p>\n<p>Por agora, esta \u00e9 a data de refer\u00eancia internacional de &#8220;Godzilla Minus Zero&#8221; no mercado da Am\u00e9rica do Norte, ap\u00f3s a estreia no Jap\u00e3o no dia 3 pela Toho, o lend\u00e1rio est\u00fadio que lan\u00e7ou a saga &#8220;Godzilla&#8221; em 1954.<\/p>\n<p>O novo filme mant\u00e9m o realizador Takashi Yamazaki e n\u00e3o foram divulgadas mais informa\u00e7\u00f5es.<\/p>\n<p>A hist\u00f3ria de &#8220;Godzilla Minus One&#8221; decorria num Jap\u00e3o devastado p\u00f3s-Segunda Guerra Mundial onde o piloto kamikaze Koichi (Ryunokuke Kamiki) vive com os remorsos de ter escolhido n\u00e3o morrer em combate, mas encontra a reden\u00e7\u00e3o quando uma for\u00e7a amea\u00e7a uma destrui\u00e7\u00e3o ainda maior no seu pa\u00eds: o monstro conhecido como Godzilla.<\/p>\n<p>Primeiro t\u00edtulo da saga japonesa desde 2016, tornou-se um fen\u00f3meno de bilheteira comercial global e foi aclamado como um dos melhores filmes de 2023, fazendo hist\u00f3ria ao estrear em primeiro lugar nas bilheteiras americanas em dezembro desse ano, algo que n\u00e3o acontecia com um &#8220;filme estrangeiro&#8221; h\u00e1 19 anos.<\/p>\n<p>Entre os seus f\u00e3s p\u00fablicos est\u00e3o Steven Spielberg, Christopher Nolan e Guillermo del Toro.<\/p>\n<p>O 37.\u00ba filme &#8220;Godzilla&#8221; fez ainda hist\u00f3ria ao conquistar o primeiro \u00d3scar para a saga: com um or\u00e7amento que n\u00e3o chegou aos 15 milh\u00f5es de d\u00f3lares, bateu as produ\u00e7\u00e3o norte-americanas de muitos milh\u00f5es na categoria de Melhores Efeitos Visuais.<\/p>\n<p>O feito foi t\u00e3o mais impressionante porque o filme parecia uma super produ\u00e7\u00e3o, mas os 610 planos de efeitos foram feitos por uma equipa de apenas 35 artistas, supervisionados por Takashi Yamazaki, que veio dessa \u00e1rea antes de se tornar realizador.<\/p>\n<p><strong>Trailer.<br \/><\/strong><\/p>\n<p><strong><br \/><\/strong><\/p>\n","protected":false},"excerpt":{"rendered":"A sequela do fen\u00f3meno de popularidade que foi &#8220;Godzilla Minus One&#8221; (2023) vai chegar aos cinemas a 6&hellip;\n","protected":false},"author":2,"featured_media":228620,"comment_status":"","ping_status":"","sticky":false,"template":"","format":"standard","meta":{"footnotes":""},"categories":[140],"tags":[114,115,147,148,146,32,33],"class_list":{"0":"post-228619","1":"post","2":"type-post","3":"status-publish","4":"format-standard","5":"has-post-thumbnail","7":"category-filmes","8":"tag-entertainment","9":"tag-entretenimento","10":"tag-film","11":"tag-filmes","12":"tag-movies","13":"tag-portugal","14":"tag-pt"},"share_on_mastodon":{"url":"https:\/\/pubeurope.com\/@pt\/115894549408122309","error":""},"_links":{"self":[{"href":"https:\/\/www.europesays.com\/pt\/wp-json\/wp\/v2\/posts\/228619","targetHints":{"allow":["GET"]}}],"collection":[{"href":"https:\/\/www.europesays.com\/pt\/wp-json\/wp\/v2\/posts"}],"about":[{"href":"https:\/\/www.europesays.com\/pt\/wp-json\/wp\/v2\/types\/post"}],"author":[{"embeddable":true,"href":"https:\/\/www.europesays.com\/pt\/wp-json\/wp\/v2\/users\/2"}],"replies":[{"embeddable":true,"href":"https:\/\/www.europesays.com\/pt\/wp-json\/wp\/v2\/comments?post=228619"}],"version-history":[{"count":0,"href":"https:\/\/www.europesays.com\/pt\/wp-json\/wp\/v2\/posts\/228619\/revisions"}],"wp:featuredmedia":[{"embeddable":true,"href":"https:\/\/www.europesays.com\/pt\/wp-json\/wp\/v2\/media\/228620"}],"wp:attachment":[{"href":"https:\/\/www.europesays.com\/pt\/wp-json\/wp\/v2\/media?parent=228619"}],"wp:term":[{"taxonomy":"category","embeddable":true,"href":"https:\/\/www.europesays.com\/pt\/wp-json\/wp\/v2\/categories?post=228619"},{"taxonomy":"post_tag","embeddable":true,"href":"https:\/\/www.europesays.com\/pt\/wp-json\/wp\/v2\/tags?post=228619"}],"curies":[{"name":"wp","href":"https:\/\/api.w.org\/{rel}","templated":true}]}}