{"id":228623,"date":"2026-01-14T17:08:19","date_gmt":"2026-01-14T17:08:19","guid":{"rendered":"https:\/\/www.europesays.com\/pt\/228623\/"},"modified":"2026-01-14T17:08:19","modified_gmt":"2026-01-14T17:08:19","slug":"mpox-o-que-e-mito-e-o-que-e-verdade-segundo-especialistas","status":"publish","type":"post","link":"https:\/\/www.europesays.com\/pt\/228623\/","title":{"rendered":"Mpox: o que \u00e9 mito e o que \u00e9 verdade segundo especialistas"},"content":{"rendered":"<p class=\"my-5 break-words group-[.isActiveSource]:text-xl\">A <strong class=\"group-[.isActiveSource]:text-xl group-[.isActiveSource]:font-bold\">mpox<\/strong> \u00e9 uma doen\u00e7a infecciosa zoon\u00f3tica causada por um v\u00edrus que afeta seres humanos e outros mam\u00edferos. Ela foi descoberta em um macaco em 1958, o que levou \u00e0 origem do nome (j\u00e1 em desuso) da enfermedida: var\u00edola dos macacos.<\/p>\n<p class=\"my-5 break-words group-[.isActiveSource]:text-xl\">A primeira infec\u00e7\u00e3o em um ser humano foi descoberta em 1970 em uma crian\u00e7a na Rep\u00fablica Democr\u00e1tica do Congo, na \u00c1frica. O v\u00edrus mpox causa uma doen\u00e7a com sintomas semelhantes \u00e0 var\u00edola, mas menos graves. A var\u00edola foi erradicada em 1980, mas a mpox infecta pessoas em todos os continentes at\u00e9 hoje.<\/p>\n<p class=\"my-5 break-words group-[.isActiveSource]:text-xl\">Confira abaixo <strong class=\"group-[.isActiveSource]:text-xl group-[.isActiveSource]:font-bold\">o que \u00e9 mito e o que \u00e9 verdade em rela\u00e7\u00e3o \u00e0 enfermidade<\/strong> segundo especialistas.<\/p>\n<p>\u00c9 mito que a mpox seja transmitida da mesma forma que a Covid-19<\/p>\n<p class=\"my-5 break-words group-[.isActiveSource]:text-xl\">A principal forma de transmiss\u00e3o da mpox \u00e9 <strong class=\"group-[.isActiveSource]:text-xl group-[.isActiveSource]:font-bold\">por meio do contato pr\u00f3ximo com les\u00f5es na pele<\/strong>, secre\u00e7\u00f5es respirat\u00f3rias ou por objetos pessoais contaminados, como roupas de cama e de banho.<\/p>\n<p class=\"my-5 break-words group-[.isActiveSource]:text-xl\">No caso da <a href=\"https:\/\/www.cnnbrasil.com.br\/saude\/covid-19-e-menos-perigosa-agora-especialistas-respondem\/\" target=\"_blank\" rel=\"noopener noreferrer nofollow\" class=\"text-red-600 underline hover:text-red-500 font-medium break-words group-[.isActiveSource]:text-xl\">Covid-19<\/a>, a transmiss\u00e3o acontece de maneira mais f\u00e1cil. As evid\u00eancias atuais sugerem que o Sars-CoV-2, da mesma forma que outros v\u00edrus respirat\u00f3rios, \u00e9 transmitido principalmente por tr\u00eas modos: contato, got\u00edculas ou por aerossol.<\/p>\n<p class=\"my-5 break-words group-[.isActiveSource]:text-xl\">De acordo com a OMS (Organiza\u00e7\u00e3o Mundial da Sa\u00fade), a <a href=\"https:\/\/www.cnnbrasil.com.br\/saude\/mpox-como-a-doenca-e-transmitida-e-como-e-feita-a-prevencao\/\" target=\"_blank\" rel=\"noopener noreferrer nofollow\" class=\"text-red-600 underline hover:text-red-500 font-medium break-words group-[.isActiveSource]:text-xl\">transmiss\u00e3o da mpox<\/a> requer contato pessoal prolongado, o que coloca em maior risco os profissionais de sa\u00fade, membros da fam\u00edlia e outros contatos pr\u00f3ximos de pessoas infectadas.<\/p>\n<p class=\"my-5 break-words group-[.isActiveSource]:text-xl\">A transmiss\u00e3o da mpox tamb\u00e9m pode ocorrer de forma vertical, por meio da placenta da m\u00e3e para o feto ou durante o contato pr\u00f3ximo no momento e ap\u00f3s o nascimento.<\/p>\n<p>\u00c9 mito que a mpox afeta apenas homens gays e bissexuais<\/p>\n<p class=\"my-5 break-words group-[.isActiveSource]:text-xl\">O <a href=\"https:\/\/www.cnnbrasil.com.br\/nacional\/sudeste\/sp\/sao-paulo-registra-segundo-caso-de-nova-cepa-de-mpox-no-brasil\/\" target=\"_blank\" rel=\"noopener noreferrer nofollow\" class=\"text-red-600 underline hover:text-red-500 font-medium break-words group-[.isActiveSource]:text-xl\">v\u00edrus da mpox<\/a> pode afetar qualquer pessoa, de qualquer g\u00eanero e orienta\u00e7\u00e3o sexual, independentemente das pr\u00e1ticas e dos h\u00e1bitos sexuais.<\/p>\n<p class=\"my-5 break-words group-[.isActiveSource]:text-xl\">Durante o surto que houve no Brasil em 2022, a OMS afirmava que a maioria dos casos notificados naquele momento em todo o mundo foram identificados por meio de servi\u00e7os de sa\u00fade sexual ou de unidades de sa\u00fade prim\u00e1ria ou secund\u00e1ria, envolvendo principalmente, mas n\u00e3o exclusivamente, homens que fazem sexo com homens.<\/p>\n<p class=\"my-5 break-words group-[.isActiveSource]:text-xl\">A terminologia \u201chomens que fazem sexo com homens\u201d (HSH) \u00e9 uma classifica\u00e7\u00e3o t\u00e9cnica adotada na \u00e1rea da sa\u00fade que inclui homossexuais, bissexuais e homens que n\u00e3o se identificam essas orienta\u00e7\u00f5es, mas se relacionam sexualmente com outros homens.<\/p>\n<p class=\"my-5 break-words group-[.isActiveSource]:text-xl\">Entre as hip\u00f3teses discutidas pela comunidade cient\u00edfica para explicar a preval\u00eancia daquele surto em HSH foi aventada a possibilidade de o v\u00edrus ter entrado em circula\u00e7\u00e3o em redes sexuais interconectadas.<\/p>\n<p>\u00c9 mito que macacos transmitem a doen\u00e7a no surto atual<\/p>\n<p class=\"my-5 break-words group-[.isActiveSource]:text-xl\">A mpox \u00e9 uma doen\u00e7a viral transmitida aos seres humanos a partir de animais, considerada uma zoonose.<\/p>\n<p class=\"my-5 break-words group-[.isActiveSource]:text-xl\">O nome antigo da doen\u00e7a teve origem na descoberta inicial do v\u00edrus em macacos em um laborat\u00f3rio dinamarqu\u00eas em 1958. Apesar disso, os macacos n\u00e3o est\u00e3o associados aos casos mais recentes da doen\u00e7a.<\/p>\n<p>\u00c9 mito que todas as pessoas devem ser vacinadas contra a mpox neste momento<\/p>\n<p class=\"my-5 break-words group-[.isActiveSource]:text-xl\">A OMS recomenda a vacina\u00e7\u00e3o contra a mpox para grupos priorit\u00e1rios, incluindo profissionais de sa\u00fade em risco, equipes de laborat\u00f3rio que atuam com ortopoxv\u00edrus, especialistas em an\u00e1lises cl\u00ednicas que realizam diagn\u00f3stico para a doen\u00e7a, pessoas que tiveram contato com casos confirmados ou suspeitos, al\u00e9m daquelas com m\u00faltiplos parceiros sexuais.<\/p>\n<p class=\"my-5 break-words group-[.isActiveSource]:text-xl\">As recomenda\u00e7\u00f5es foram publicadas em um guia de 2022 a partir da consultoria do Grupo Consultivo Estrat\u00e9gico de Peritos (Sage, na sigla em ingl\u00eas). A OMS aprovou a vacina contra mpox da Bavarian Nordic (BAVA.CO) para adolescentes de 12 a 17 anos, um grupo et\u00e1rio considerado especialmente vulner\u00e1vel a surtos da doen\u00e7a.<\/p>\n<p class=\"my-5 break-words group-[.isActiveSource]:text-xl\">O imunizante \u00e9 administrado dentro de 4 dias do contato com algu\u00e9m infectado ou em at\u00e9 14 dias, se n\u00e3o houver sintomas.<\/p>\n<p>\u00c9 verdade que o v\u00edrus se espalha por m\u00faltiplos pa\u00edses pela primeira vez<\/p>\n<p class=\"my-5 break-words group-[.isActiveSource]:text-xl\">Desde o in\u00edcio de maio de 2022, casos de mpox foram relatados em pa\u00edses onde a doen\u00e7a n\u00e3o \u00e9 end\u00eamica, incluindo o Brasil.<\/p>\n<p class=\"my-5 break-words group-[.isActiveSource]:text-xl\">A maioria dos casos confirmados com hist\u00f3rico de viagens relatou passagem por pa\u00edses da Europa e Am\u00e9rica do Norte naquele ano. Foi a primeira vez que muitos casos e aglomerados de mpox foram relatados simultaneamente em pa\u00edses n\u00e3o end\u00eamicos e end\u00eamicos em \u00e1reas geogr\u00e1ficas muito d\u00edspares.<\/p>\n<p>\u00c9 verdade que a maior parte dos sintomas tende a desaparecer espontaneamente<\/p>\n<p class=\"my-5 break-words group-[.isActiveSource]:text-xl\">N\u00e3o existe um medicamento aprovado pela OMS especificamente para a mpox. O tratamento, ent\u00e3o, consiste em um suporte cl\u00ednico para aliviar sintomas, prevenir e tratar complica\u00e7\u00f5es e evitar sequelas.<\/p>\n<p class=\"my-5 break-words group-[.isActiveSource]:text-xl\">De acordo com a Organiza\u00e7\u00e3o Pan-Americana da Sa\u00fade os sintomas dos casos leves e moderados da doen\u00e7a costumam desaparecer espontaneamente, sem necessidade de tratamento.<\/p>\n<p class=\"my-5 break-words group-[.isActiveSource]:text-xl\">As erup\u00e7\u00f5es cut\u00e2neas causadas pela mpox devem, segundo a ag\u00eancia de sa\u00fade, secar naturalmente ou com um curativo \u00famido as protegendo. Al\u00e9m disso, produtos como enxaguantes bucais e col\u00edrios que contenham cortisona devem ser evitados pelos infectados.<\/p>\n<p>\u00c9 mito que a mpox apresenta baixa letalidade<\/p>\n<p class=\"my-5 break-words group-[.isActiveSource]:text-xl\">A letalidade da mpox varia de acordo com a variante do v\u00edrus. O clado 1 \u00e9 considerado mais transmiss\u00edvel e grave do que o clado 2, respons\u00e1vel pelo surto em 2022. Al\u00e9m disso, em setembro de 2023, foi identificada uma subvariante na Rep\u00fablica Democr\u00e1tica do Congo, a clado 1B, que \u00e9 ainda mais transmiss\u00edvel e mais agressiva<\/p>\n<p class=\"my-5 break-words group-[.isActiveSource]:text-xl\">De acordo com Matthew Binnicker, diretor do Laborat\u00f3rio de Virologia Cl\u00ednica da Mayo Clinic em Rochester, Minnesota, nos Estados Unidos, em surtos anteriores de mpox relacionados ao clado 1, as taxas de mortalidade chegaram a 10%.<\/p>\n<p class=\"my-5 break-words group-[.isActiveSource]:text-xl\">Com base nesses dados, estima-se que a taxa de letalidade do clado 1B varie entre 3% e 10% novamente, dependendo do surto. Para se ter uma ideia, o clado 2, respons\u00e1vel pelo surto em 2022 &#8212; em que houve um menor registro de \u00f3bitos por mpox &#8212; a taxa de letalidade variava de 0,1% a 0,5%.<\/p>\n<p>\u00c9 verdade que as les\u00f5es podem se espalhar em diversas partes do corpo<\/p>\n<p class=\"my-5 break-words group-[.isActiveSource]:text-xl\">O per\u00edodo de incuba\u00e7\u00e3o do v\u00edrus \u00e9 geralmente de 6 a 13 dias, mas pode variar de 5 a 21 dias. Os sinais e sintomas da doen\u00e7a podem durar entre duas e quatro semanas.<\/p>\n<p class=\"my-5 break-words group-[.isActiveSource]:text-xl\">A doen\u00e7a come\u00e7a, na maior parte dos casos, com uma febre s\u00fabita, forte e intensa. O paciente tamb\u00e9m pode ter dor de cabe\u00e7a, n\u00e1usea, exaust\u00e3o, cansa\u00e7o e o aparecimento de g\u00e2nglios (incha\u00e7os popularmente conhecidos como &#8220;\u00ednguas&#8221;), que podem acontecer tanto na regi\u00e3o do pesco\u00e7o, na regi\u00e3o axilar, como na regi\u00e3o genital.<\/p>\n<p class=\"my-5 break-words group-[.isActiveSource]:text-xl\">A manifesta\u00e7\u00e3o de les\u00f5es na pele acontece na forma de bolhas que podem aparacer em diversas partes do corpo, como rosto, m\u00e3os, p\u00e9s, olhos, boca ou genitais.<\/p>\n<p>\u00c9 verdade que a vacina contra a var\u00edola comum oferece prote\u00e7\u00e3o contra a mpox<\/p>\n<p class=\"my-5 break-words group-[.isActiveSource]:text-xl\">A vacina\u00e7\u00e3o contra a var\u00edola comum \u00e9 cerca de 85% eficaz na preven\u00e7\u00e3o da mpox, o que indica que a imuniza\u00e7\u00e3o pr\u00e9via pode resultar em doen\u00e7a mais leve, segundo estudos observacionais feitos na \u00e9poca do surto de 2022.<\/p>\n<p class=\"my-5 break-words group-[.isActiveSource]:text-xl\">*Mat\u00e9ria publicada originalmente em 27\/07\/2022 e atualizada por Gabriela Maraccini em 14\/01\/2024<\/p>\n","protected":false},"excerpt":{"rendered":"A mpox \u00e9 uma doen\u00e7a infecciosa zoon\u00f3tica causada por um v\u00edrus que afeta seres humanos e outros mam\u00edferos.&hellip;\n","protected":false},"author":2,"featured_media":228624,"comment_status":"","ping_status":"","sticky":false,"template":"","format":"standard","meta":{"footnotes":""},"categories":[86],"tags":[116,32,33,117],"class_list":{"0":"post-228623","1":"post","2":"type-post","3":"status-publish","4":"format-standard","5":"has-post-thumbnail","7":"category-saude","8":"tag-health","9":"tag-portugal","10":"tag-pt","11":"tag-saude"},"share_on_mastodon":{"url":"https:\/\/pubeurope.com\/@pt\/115894557214727270","error":""},"_links":{"self":[{"href":"https:\/\/www.europesays.com\/pt\/wp-json\/wp\/v2\/posts\/228623","targetHints":{"allow":["GET"]}}],"collection":[{"href":"https:\/\/www.europesays.com\/pt\/wp-json\/wp\/v2\/posts"}],"about":[{"href":"https:\/\/www.europesays.com\/pt\/wp-json\/wp\/v2\/types\/post"}],"author":[{"embeddable":true,"href":"https:\/\/www.europesays.com\/pt\/wp-json\/wp\/v2\/users\/2"}],"replies":[{"embeddable":true,"href":"https:\/\/www.europesays.com\/pt\/wp-json\/wp\/v2\/comments?post=228623"}],"version-history":[{"count":0,"href":"https:\/\/www.europesays.com\/pt\/wp-json\/wp\/v2\/posts\/228623\/revisions"}],"wp:featuredmedia":[{"embeddable":true,"href":"https:\/\/www.europesays.com\/pt\/wp-json\/wp\/v2\/media\/228624"}],"wp:attachment":[{"href":"https:\/\/www.europesays.com\/pt\/wp-json\/wp\/v2\/media?parent=228623"}],"wp:term":[{"taxonomy":"category","embeddable":true,"href":"https:\/\/www.europesays.com\/pt\/wp-json\/wp\/v2\/categories?post=228623"},{"taxonomy":"post_tag","embeddable":true,"href":"https:\/\/www.europesays.com\/pt\/wp-json\/wp\/v2\/tags?post=228623"}],"curies":[{"name":"wp","href":"https:\/\/api.w.org\/{rel}","templated":true}]}}