{"id":228625,"date":"2026-01-14T17:10:07","date_gmt":"2026-01-14T17:10:07","guid":{"rendered":"https:\/\/www.europesays.com\/pt\/228625\/"},"modified":"2026-01-14T17:10:07","modified_gmt":"2026-01-14T17:10:07","slug":"pixelmator-pro-chega-ao-ipad-em-breve-com-inumeras-funcionalidades","status":"publish","type":"post","link":"https:\/\/www.europesays.com\/pt\/228625\/","title":{"rendered":"Pixelmator Pro chega ao iPad em breve, com in\u00fameras funcionalidades"},"content":{"rendered":"<p>A Apple concluiu a aquisi\u00e7\u00e3o da equipa respons\u00e1vel pelo desenvolvimento da equipa Pixelmator, no final de 2024. Quase um ano depois, chega a primeira grande novidade resultante dessa integra\u00e7\u00e3o, que \u00e9 a do Pixelmator Pro estrear-se no iPad, acompanhado pelo lan\u00e7amento do novo <a href=\"https:\/\/www.ifeed.pt\/apple-creator-studio-as-apps-mais-criativas-num-so-lugar\/\" rel=\"nofollow noopener\" target=\"_blank\">Apple Creator Studio<\/a> \u2013 o novo hub de criatividade da empresa de Cupertino.<\/p>\n<p>Segundo o <a href=\"https:\/\/www.apple.com\/newsroom\/2026\/01\/introducing-apple-creator-studio-an-inspiring-collection-of-creative-apps\/\" rel=\"nofollow noopener\" target=\"_blank\">comunicado oficial da Apple<\/a>, esta ser\u00e1 a primeira vez que o Pixelmator Pro chega ao iPad, sendo que at\u00e9 agora era um exclusivo Mac. Com efeito, a aplica\u00e7\u00e3o foi totalmente redesenhada para o ambiente t\u00e1ctil, com:<\/p>\n<ul>\n<li>Interface otimizada para toque<\/li>\n<li>Suporte total para Apple Pencil, incluindo hover, squeeze e duplo toque<\/li>\n<li>Fluxo de trabalho cont\u00ednuo entre iPad e Mac<\/li>\n<li>Todas as ferramentas avan\u00e7adas de edi\u00e7\u00e3o j\u00e1 conhecidas da vers\u00e3o macOS<\/li>\n<\/ul>\n<p><img decoding=\"async\" src=\"https:\/\/www.europesays.com\/pt\/wp-content\/uploads\/2026\/01\/Apple-Creator-Studio-Pixelmator-Pro-hero-iPad-Pro_big.jpg.large_2x.jpg\" class=\"kg-image\" alt=\"\" loading=\"lazy\" width=\"1960\" height=\"1480\"  \/><\/p>\n<p>A Apple destaca ainda que o Pixelmator Pro para iPad tira partido do desempenho dos processadores Apple Silicon e foi desenvolvido de raiz para o mais recente iPadOS, garantindo uma experi\u00eancia r\u00e1pida e eficiente. Assim sendo, a nova vers\u00e3o para iPad inclui:<\/p>\n<ul>\n<li>Barra de camadas completa, permitindo combinar imagens, formas, texto e at\u00e9 v\u00eddeo<\/li>\n<li>Ferramentas inteligentes de sele\u00e7\u00e3o, para isolar e editar partes espec\u00edficas de uma imagem<\/li>\n<li>M\u00e1scaras bitmap e vectoriais, para revelar ou ocultar elementos com precis\u00e3o<\/li>\n<li>Super Resolution, para ampliar fotografias de forma inteligente<\/li>\n<li>Deband, para remover artefactos de compress\u00e3o<\/li>\n<li>Auto Crop, com sugest\u00f5es autom\u00e1ticas de composi\u00e7\u00e3o<\/li>\n<li>Pinc\u00e9is sens\u00edveis \u00e0 press\u00e3o, ideais para artistas digitais<\/li>\n<\/ul>\n<p>Ou seja, muitas funcionalidades e recursos, para que possas fazer tudo e mais alguma coisa no teu iPad!<\/p>\n<p><img decoding=\"async\" src=\"https:\/\/www.europesays.com\/pt\/wp-content\/uploads\/2026\/01\/Apple-Creator-Studio-Pixelmator-with-Apple-Pencil_big.jpg.large_2x.jpg\" class=\"kg-image\" alt=\"\" loading=\"lazy\" width=\"1960\" height=\"1480\"  \/><\/p>\n<p>Em suma, tudo indica que a experi\u00eancia do Pixelmator Pro no iPad ser\u00e1 praticamente equivalente \u00e0 vers\u00e3o de desktop, mas agora com a flexibilidade do toque e da caneta. Finalmente, o Pixelmator Pro para iPad chega a 28 de janeiro e exige processadores A16, A17 Pro, M1 ou superior e iPadOS 26 ou posterior.<\/p>\n<p>A empresa de Cupertino confirma ainda que o Pixelmator Pro continuar\u00e1 dispon\u00edvel como compra \u00fanica para o Mac, mas n\u00e3o especifica se o mesmo modelo se aplica ao iPad.<\/p>\n<p>Al\u00e9m disso, mesmo quem comprar a vers\u00e3o Mac ter\u00e1 algumas funcionalidades exclusivas apenas para subscritores do Apple Creator Studio. Um exemplo \u00e9 a nova ferramenta Warp, que permite distorcer e moldar camadas de forma avan\u00e7ada, al\u00e9m de oferecer mockups criados com esta tecnologia.<\/p>\n<p>    \ud83d\udcec Inscreve-te na newsletter<\/p>\n<p class=\"newsletter-box__info\">Recebe os nossos artigos mais relevantes diretamente no teu email.<\/p>\n<p>\n            Digitar email<\/p>\n<p>            Inscreve-te\n        <\/p>\n<p class=\"newsletter-box__message\" data-message=\"loading\">Processando a inscri\u00e7\u00e3o&#8230;<\/p>\n<p class=\"newsletter-box__message\" data-message=\"success\">Sucesso! Por favor, verifica a tua caixa de entrada e clica no link para confirmar a inscri\u00e7\u00e3o.<\/p>\n<p class=\"newsletter-box__message\" data-message=\"error\">Desculpa, algo deu errado. Por favor, tenta novamente.<\/p>\n","protected":false},"excerpt":{"rendered":"A Apple concluiu a aquisi\u00e7\u00e3o da equipa respons\u00e1vel pelo desenvolvimento da equipa Pixelmator, no final de 2024. Quase&hellip;\n","protected":false},"author":2,"featured_media":228626,"comment_status":"","ping_status":"","sticky":false,"template":"","format":"standard","meta":{"footnotes":""},"categories":[84],"tags":[109,107,108,32,33,105,103,104,106,110],"class_list":{"0":"post-228625","1":"post","2":"type-post","3":"status-publish","4":"format-standard","5":"has-post-thumbnail","7":"category-ciencia-e-tecnologia","8":"tag-ciencia","9":"tag-ciencia-e-tecnologia","10":"tag-cienciaetecnologia","11":"tag-portugal","12":"tag-pt","13":"tag-science","14":"tag-science-and-technology","15":"tag-scienceandtechnology","16":"tag-technology","17":"tag-tecnologia"},"share_on_mastodon":{"url":"https:\/\/pubeurope.com\/@pt\/115894565322805724","error":""},"_links":{"self":[{"href":"https:\/\/www.europesays.com\/pt\/wp-json\/wp\/v2\/posts\/228625","targetHints":{"allow":["GET"]}}],"collection":[{"href":"https:\/\/www.europesays.com\/pt\/wp-json\/wp\/v2\/posts"}],"about":[{"href":"https:\/\/www.europesays.com\/pt\/wp-json\/wp\/v2\/types\/post"}],"author":[{"embeddable":true,"href":"https:\/\/www.europesays.com\/pt\/wp-json\/wp\/v2\/users\/2"}],"replies":[{"embeddable":true,"href":"https:\/\/www.europesays.com\/pt\/wp-json\/wp\/v2\/comments?post=228625"}],"version-history":[{"count":0,"href":"https:\/\/www.europesays.com\/pt\/wp-json\/wp\/v2\/posts\/228625\/revisions"}],"wp:featuredmedia":[{"embeddable":true,"href":"https:\/\/www.europesays.com\/pt\/wp-json\/wp\/v2\/media\/228626"}],"wp:attachment":[{"href":"https:\/\/www.europesays.com\/pt\/wp-json\/wp\/v2\/media?parent=228625"}],"wp:term":[{"taxonomy":"category","embeddable":true,"href":"https:\/\/www.europesays.com\/pt\/wp-json\/wp\/v2\/categories?post=228625"},{"taxonomy":"post_tag","embeddable":true,"href":"https:\/\/www.europesays.com\/pt\/wp-json\/wp\/v2\/tags?post=228625"}],"curies":[{"name":"wp","href":"https:\/\/api.w.org\/{rel}","templated":true}]}}