{"id":228654,"date":"2026-01-14T17:28:13","date_gmt":"2026-01-14T17:28:13","guid":{"rendered":"https:\/\/www.europesays.com\/pt\/228654\/"},"modified":"2026-01-14T17:28:13","modified_gmt":"2026-01-14T17:28:13","slug":"ultima-hora-eua-retiram-tropas-de-bases-militares-do-medio-oriente-por-precaucao-quando-aumenta-a-tensao-com-o-irao","status":"publish","type":"post","link":"https:\/\/www.europesays.com\/pt\/228654\/","title":{"rendered":"\u00daLTIMA HORA &#8211; EUA retiram tropas de bases militares do M\u00e9dio Oriente por precau\u00e7\u00e3o quando aumenta a tens\u00e3o com o Ir\u00e3o"},"content":{"rendered":"<p>Os Estados Unidos est\u00e3o a retirar tropas de algumas bases importantes do M\u00e9dio Oriente numa altura em que aumenta a <a aria-label=\"content\" target=\"_blank\" href=\"https:\/\/www.dn.pt\/internacional\/trump-incentiva-protestos-no-iro-e-alega-que-a-ajuda-est-a-caminho\" rel=\"nofollow noopener\">tens\u00e3o entre os EUA e o Ir\u00e3o.<\/a> A informa\u00e7\u00e3o est\u00e1 a ser avan\u00e7ada pela <a aria-label=\"content\" target=\"_blank\" href=\"https:\/\/www.reuters.com\/world\/middle-east\/us-withdrawing-troops-key-middle-east-bases-precaution-us-official-says-2026-01-14\/\" rel=\"nofollow noopener\">Reuters<\/a>, que cita um oficial norte-americano.<\/p>\n<p>A decis\u00e3o surge como uma medida de precau\u00e7\u00e3o devido \u00e0 instabilidade na regi\u00e3o, na sequ\u00eancia dos protestos iranianos que t\u00eam originado uma forte repress\u00e3o do regime dos ayatollahs e que j\u00e1 fez milhares de mortos.<\/p>\n<p>De acordo com fontes diplom\u00e1ticas, alguns funcion\u00e1rios destacados na base a\u00e9rea de Al Udeid, no Qatar, a maior dos EUA no M\u00e9dio Oriente, com cerca de 10 mil soldados, receberam ordens para deixar o local. <\/p>\n<p>A esta\u00e7\u00e3o de televis\u00e3o norte-americana NBC News garante que centenas de soldados j\u00e1 est\u00e3o a ser evacuados da base a\u00e9rea de Al Udeid, sendo deslocalizados para outras bases e para alguns hot\u00e9is na regi\u00e3o.<\/p>\n<p>J\u00e1 em junho, tropas j\u00e1 tinham sido retiradas desta base, quando Washington atacou as instala\u00e7\u00f5es de enriquecimento nuclear iranianas.<\/p>\n<p>O governo do Qatar informou que se trata da aplica\u00e7\u00e3o de medidas preventivas na base administrada pelos EUA, ainda segundo a ag\u00eancia de not\u00edcias, que fazem parte dos esfor\u00e7os para garantir a seguran\u00e7a dos cidad\u00e3os e residentes, assim como a prote\u00e7\u00e3o de infraestruturas cr\u00edticas e instala\u00e7\u00f5es militares. Uma medida &#8220;em resposta \u00e0s atuais tens\u00f5es regionais&#8221;.<\/p>\n<p>Tamb\u00e9m a miss\u00e3o dos EUA na Ar\u00e1bia Saudita emitiu um alerta de seguran\u00e7a, aconselhando os cidad\u00e3os americanos naquele pa\u00eds a manterem-se afastados de instala\u00e7\u00f5es militares na regi\u00e3o.<\/p>\n<p>O Ir\u00e3o, recorde-se, amea\u00e7ou atacar as bases norte-americanas caso o pa\u00eds seja alvo de uma a\u00e7\u00e3o militar pelos EUA. O presidente norte-americano j\u00e1 tinha feito avisos a Teer\u00e3o relacionados com a morte de manifestantes, tendo afirmado que a sua administra\u00e7\u00e3o e as for\u00e7as armadas norte-americanas estavam a considerar &#8220;op\u00e7\u00f5es muito fortes&#8221;.<\/p>\n<p>Trump anunciou, nas redes sociais, que cancelou \u201ctodas as reuni\u00f5es com os oficiais iranianos\u201d at\u00e9 acabar \u201co assassinato sem sentido de manifestantes\u201d. &#8220;A ajuda est\u00e1 a caminho\u201d, declarou, sem mais explica\u00e7\u00f5es. <\/p>\n","protected":false},"excerpt":{"rendered":"Os Estados Unidos est\u00e3o a retirar tropas de algumas bases importantes do M\u00e9dio Oriente numa altura em que&hellip;\n","protected":false},"author":2,"featured_media":228655,"comment_status":"","ping_status":"","sticky":false,"template":"","format":"standard","meta":{"footnotes":""},"categories":[8],"tags":[27,28,413,15,16,14,5453,25,26,21,22,12,13,19,20,32,23,24,33,17,18,29,30,31],"class_list":{"0":"post-228654","1":"post","2":"type-post","3":"status-publish","4":"format-standard","5":"has-post-thumbnail","7":"category-principais-noticias","8":"tag-breaking-news","9":"tag-breakingnews","10":"tag-eua","11":"tag-featured-news","12":"tag-featurednews","13":"tag-headlines","14":"tag-irao","15":"tag-latest-news","16":"tag-latestnews","17":"tag-main-news","18":"tag-mainnews","19":"tag-news","20":"tag-noticias","21":"tag-noticias-principais","22":"tag-noticiasprincipais","23":"tag-portugal","24":"tag-principais-noticias","25":"tag-principaisnoticias","26":"tag-pt","27":"tag-top-stories","28":"tag-topstories","29":"tag-ultimas","30":"tag-ultimas-noticias","31":"tag-ultimasnoticias"},"share_on_mastodon":{"url":"https:\/\/pubeurope.com\/@pt\/115894636111904288","error":""},"_links":{"self":[{"href":"https:\/\/www.europesays.com\/pt\/wp-json\/wp\/v2\/posts\/228654","targetHints":{"allow":["GET"]}}],"collection":[{"href":"https:\/\/www.europesays.com\/pt\/wp-json\/wp\/v2\/posts"}],"about":[{"href":"https:\/\/www.europesays.com\/pt\/wp-json\/wp\/v2\/types\/post"}],"author":[{"embeddable":true,"href":"https:\/\/www.europesays.com\/pt\/wp-json\/wp\/v2\/users\/2"}],"replies":[{"embeddable":true,"href":"https:\/\/www.europesays.com\/pt\/wp-json\/wp\/v2\/comments?post=228654"}],"version-history":[{"count":0,"href":"https:\/\/www.europesays.com\/pt\/wp-json\/wp\/v2\/posts\/228654\/revisions"}],"wp:featuredmedia":[{"embeddable":true,"href":"https:\/\/www.europesays.com\/pt\/wp-json\/wp\/v2\/media\/228655"}],"wp:attachment":[{"href":"https:\/\/www.europesays.com\/pt\/wp-json\/wp\/v2\/media?parent=228654"}],"wp:term":[{"taxonomy":"category","embeddable":true,"href":"https:\/\/www.europesays.com\/pt\/wp-json\/wp\/v2\/categories?post=228654"},{"taxonomy":"post_tag","embeddable":true,"href":"https:\/\/www.europesays.com\/pt\/wp-json\/wp\/v2\/tags?post=228654"}],"curies":[{"name":"wp","href":"https:\/\/api.w.org\/{rel}","templated":true}]}}