{"id":228662,"date":"2026-01-14T17:34:07","date_gmt":"2026-01-14T17:34:07","guid":{"rendered":"https:\/\/www.europesays.com\/pt\/228662\/"},"modified":"2026-01-14T17:34:07","modified_gmt":"2026-01-14T17:34:07","slug":"o-refugio-filme-de-acao-com-karl-urban-ganha-trailer","status":"publish","type":"post","link":"https:\/\/www.europesays.com\/pt\/228662\/","title":{"rendered":"O Ref\u00fagio | Filme de a\u00e7\u00e3o com Karl Urban ganha trailer"},"content":{"rendered":"<p><strong>O Ref\u00fagio<\/strong>,\u00a0novo filme de a\u00e7\u00e3o e aventura do\u00a0<strong>Prime Video\u00a0<\/strong>estrelado por\u00a0<strong>Karl Urban <\/strong>e<strong>\u00a0Priyanka Chopra Jonas<\/strong>, acaba de ganhar seu primeiro trailer. Veja acima!<\/p>\n<p>Em O Ref\u00fagio, Ercell \u201cBloody Mary\u201d Bodden (Priyanka Chopra Jonas), pensava ter escapado do seu passado violento como pirata e encontrado paz nas Ilhas Cayman junto da fam\u00edlia. Tudo muda quando Connor (Karl Urban), seu antigo e brutal capit\u00e3o, ressurge e invade sua comunidade em busca de vingan\u00e7a. For\u00e7ada a encarar um passado sombrio, ela precisar\u00e1 abandonar seu ref\u00fagio e lutar contra uma tripula\u00e7\u00e3o impiedosa para salvar aqueles que mais ama.\u00a0<\/p>\n<p>            Continua depois da Publicidade<\/p>\n<p>Al\u00e9m de Karl Urban e Priyanka Chopra Jonas, o elenco conta com <strong>Ismael Cruz Cordova, Sofia Oakley-Green, Pacharo Mzembe, Greg Hatton, Gideon Mzembe, Temuera Morrison <\/strong>e <strong>Angela Russo-Otstot<\/strong>. Na dire\u00e7\u00e3o est\u00e1 <strong>Frank E. Flowers<\/strong>, que tamb\u00e9m assina o roteiro, ao lado de <strong>Joe Ballarini<\/strong>.<\/p>\n<p>O Ref\u00fagio\u00a0chega ao streaming em\u00a0<strong>25 de fevereiro<\/strong>.<\/p>\n","protected":false},"excerpt":{"rendered":"O Ref\u00fagio,\u00a0novo filme de a\u00e7\u00e3o e aventura do\u00a0Prime Video\u00a0estrelado por\u00a0Karl Urban e\u00a0Priyanka Chopra Jonas, acaba de ganhar seu&hellip;\n","protected":false},"author":2,"featured_media":228663,"comment_status":"","ping_status":"","sticky":false,"template":"","format":"standard","meta":{"footnotes":""},"categories":[140],"tags":[114,115,147,148,146,32,33],"class_list":{"0":"post-228662","1":"post","2":"type-post","3":"status-publish","4":"format-standard","5":"has-post-thumbnail","7":"category-filmes","8":"tag-entertainment","9":"tag-entretenimento","10":"tag-film","11":"tag-filmes","12":"tag-movies","13":"tag-portugal","14":"tag-pt"},"share_on_mastodon":{"url":"https:\/\/pubeurope.com\/@pt\/115894660043482119","error":""},"_links":{"self":[{"href":"https:\/\/www.europesays.com\/pt\/wp-json\/wp\/v2\/posts\/228662","targetHints":{"allow":["GET"]}}],"collection":[{"href":"https:\/\/www.europesays.com\/pt\/wp-json\/wp\/v2\/posts"}],"about":[{"href":"https:\/\/www.europesays.com\/pt\/wp-json\/wp\/v2\/types\/post"}],"author":[{"embeddable":true,"href":"https:\/\/www.europesays.com\/pt\/wp-json\/wp\/v2\/users\/2"}],"replies":[{"embeddable":true,"href":"https:\/\/www.europesays.com\/pt\/wp-json\/wp\/v2\/comments?post=228662"}],"version-history":[{"count":0,"href":"https:\/\/www.europesays.com\/pt\/wp-json\/wp\/v2\/posts\/228662\/revisions"}],"wp:featuredmedia":[{"embeddable":true,"href":"https:\/\/www.europesays.com\/pt\/wp-json\/wp\/v2\/media\/228663"}],"wp:attachment":[{"href":"https:\/\/www.europesays.com\/pt\/wp-json\/wp\/v2\/media?parent=228662"}],"wp:term":[{"taxonomy":"category","embeddable":true,"href":"https:\/\/www.europesays.com\/pt\/wp-json\/wp\/v2\/categories?post=228662"},{"taxonomy":"post_tag","embeddable":true,"href":"https:\/\/www.europesays.com\/pt\/wp-json\/wp\/v2\/tags?post=228662"}],"curies":[{"name":"wp","href":"https:\/\/api.w.org\/{rel}","templated":true}]}}