{"id":228666,"date":"2026-01-14T17:36:51","date_gmt":"2026-01-14T17:36:51","guid":{"rendered":"https:\/\/www.europesays.com\/pt\/228666\/"},"modified":"2026-01-14T17:36:51","modified_gmt":"2026-01-14T17:36:51","slug":"habito-simples-pode-aliviar-sintomas-de-depressao-tanto-como-medicamentos","status":"publish","type":"post","link":"https:\/\/www.europesays.com\/pt\/228666\/","title":{"rendered":"H\u00e1bito simples pode aliviar sintomas de depress\u00e3o tanto como medicamentos"},"content":{"rendered":"<p>Um novo estudo sugere que o exerc\u00edcio poder\u00e1 ser t\u00e3o eficaz no tratamento dos sintomas de depress\u00e3o como a terapia e os antidepressivos, noticia a Fox News Digital.\u00a0<\/p>\n<p>Uma revis\u00e3o cient\u00edfica levada a cabo pela Cochrane analisou 73 ensaios cl\u00ednicos que inclu\u00edram quase 5 mil adultos com diagn\u00f3stico de depress\u00e3o.\u00a0<\/p>\n<p>Os estudos compararam o exerc\u00edcio f\u00edsico com outros tratamentos ativos, como a terapia e a medica\u00e7\u00e3o.\u00a0<\/p>\n<p>Segundo um comunicado enviado \u00e0 imprensa, a equipa de investigadores concluiu que o exerc\u00edcio f\u00edsico poder\u00e1 ser &#8220;moderadamente eficaz&#8221; na redu\u00e7\u00e3o dos sintomas de depress\u00e3o.<\/p>\n<p>&#8220;Provavelmente h\u00e1 pouca ou nenhuma diferen\u00e7a nos sintomas depressivos entre pessoas que praticam exerc\u00edcio f\u00edsico e aquelas que recebem terapia psicol\u00f3gica&#8221;, observaram os autores do estudo. &#8220;Pode \u200b\u200bhaver pouca ou nenhuma diferen\u00e7a nos sintomas depressivos entre pessoas que praticam exerc\u00edcio f\u00edsico e aquelas que tomam antidepressivos&#8221;, real\u00e7aram ainda.<\/p>\n<p>Esta revis\u00e3o concluiu que exerc\u00edcios de intensidade leve a moderada s\u00e3o mais ben\u00e9ficos para aliviar os sintomas de depress\u00e3o do que exerc\u00edcios de maior intensidade.<\/p>\n<p>Nenhuma atividade f\u00edsica em espec\u00edfico se revelou melhor, contudo os programas que inclu\u00edam treinos de resist\u00eancias aparentavam ser mais eficazes.\u00a0<\/p>\n<p>Modalidades como ioga e alongamentos n\u00e3o foram inclu\u00eddas na an\u00e1lise, pelo que merecem uma an\u00e1lise mais cuidada a longo prazo e em estudos futuros, real\u00e7a-se.<\/p>\n<p>Para o professor Andrew Clegg, autor principal da revis\u00e3o, o exerc\u00edcio &#8220;parece ser uma op\u00e7\u00e3o segura e acess\u00edvel para ajudar a controlar os sintomas de depress\u00e3o&#8221;.\u00a0<\/p>\n<p>&#8220;Isto sugere que o exerc\u00edcio funciona bem para algumas pessoas, mas n\u00e3o para todas, e encontrar abordagens que os indiv\u00edduos estejam dispostos e aptos a manter \u00e9 importante&#8221;, completou.\u00a0<\/p>\n<p>Apesar dos resultados apresentados por esta revis\u00e3o bibliogr\u00e1fica \u00e9 importante destacar que \u00e9 importante consultar o seu m\u00e9dico antes de tomar qualquer decis\u00e3o no que diz respeito aos tratamentos contra a depress\u00e3o (se for este o seu caso).<\/p>\n<p>Limita\u00e7\u00f5es e riscos do estudo<\/p>\n<p>Os pesquisadores alertaram para o risco de enviesamento em alguns dos estudos inclu\u00eddos na revis\u00e3o, notando que os efeitos a longo prazo do exerc\u00edcio f\u00edsico sobre os sintomas de depress\u00e3o ainda permanecem incertos.\u00a0<\/p>\n<p>Assim, este notou que s\u00e3o necess\u00e1rios &#8220;estudos maiores e de grande qualidade&#8221; para determinar que tipo de exerc\u00edcios funcionam melhor e se estes se mant\u00eam ao longo do tempo.\u00a0<\/p>\n<p>Por outro lado, real\u00e7a as desvantagens que podem advir da pr\u00e1tica de exerc\u00edcio f\u00edsico (quando n\u00e3o devidamente acompanhada) como problemas musculares e o agravamento do estado de depress\u00e3o.\u00a0<\/p>\n<p>                                                    <strong>Precisa de ajuda?<\/strong><\/p>\n<p>Precisa de falar com algu\u00e9m? Est\u00e1 a viver uma situa\u00e7\u00e3o de sofrimento emocional, viol\u00eancia f\u00edsica ou psicol\u00f3gica? Ou conhece algu\u00e9m que possa estar em perigo? Reunimos <a href=\"https:\/\/www.noticiasaominuto.com\/lifestyle\/contactos-de-apoio\" rel=\"nofollow noopener\" target=\"_blank\">aqui<\/a> todos os contactos de apoio, gratuitos e confidenciais, para pedir ajuda ou orientar quem precisa<\/p>\n<p>                                                    <img decoding=\"async\" height=\"640\" with=\"360\" src=\"https:\/\/www.europesays.com\/pt\/wp-content\/uploads\/2026\/01\/naom_696755bddd4b0.jpg\" border=\"0\" alt=\"Os perigos ocultos dos medicamentos comuns para a azia e indigest\u00e3o\"\/><\/p>\n<p>Uma farmac\u00eautica deixou um aviso sobre o que pode acontecer se tomar de forma excessiva este tipo de medicamentos para controlar a azia e a indigest\u00e3o. Saiba o que pode acontecer ao seu organismo.<\/p>\n<p>                                                     Adriano Guerreiro | 08:45 &#8211; 14\/01\/2026 <\/p>\n","protected":false},"excerpt":{"rendered":"Um novo estudo sugere que o exerc\u00edcio poder\u00e1 ser t\u00e3o eficaz no tratamento dos sintomas de depress\u00e3o como&hellip;\n","protected":false},"author":2,"featured_media":228667,"comment_status":"","ping_status":"","sticky":false,"template":"","format":"standard","meta":{"footnotes":""},"categories":[86],"tags":[116,32,33,117],"class_list":{"0":"post-228666","1":"post","2":"type-post","3":"status-publish","4":"format-standard","5":"has-post-thumbnail","7":"category-saude","8":"tag-health","9":"tag-portugal","10":"tag-pt","11":"tag-saude"},"share_on_mastodon":{"url":"https:\/\/pubeurope.com\/@pt\/115894671337189072","error":""},"_links":{"self":[{"href":"https:\/\/www.europesays.com\/pt\/wp-json\/wp\/v2\/posts\/228666","targetHints":{"allow":["GET"]}}],"collection":[{"href":"https:\/\/www.europesays.com\/pt\/wp-json\/wp\/v2\/posts"}],"about":[{"href":"https:\/\/www.europesays.com\/pt\/wp-json\/wp\/v2\/types\/post"}],"author":[{"embeddable":true,"href":"https:\/\/www.europesays.com\/pt\/wp-json\/wp\/v2\/users\/2"}],"replies":[{"embeddable":true,"href":"https:\/\/www.europesays.com\/pt\/wp-json\/wp\/v2\/comments?post=228666"}],"version-history":[{"count":0,"href":"https:\/\/www.europesays.com\/pt\/wp-json\/wp\/v2\/posts\/228666\/revisions"}],"wp:featuredmedia":[{"embeddable":true,"href":"https:\/\/www.europesays.com\/pt\/wp-json\/wp\/v2\/media\/228667"}],"wp:attachment":[{"href":"https:\/\/www.europesays.com\/pt\/wp-json\/wp\/v2\/media?parent=228666"}],"wp:term":[{"taxonomy":"category","embeddable":true,"href":"https:\/\/www.europesays.com\/pt\/wp-json\/wp\/v2\/categories?post=228666"},{"taxonomy":"post_tag","embeddable":true,"href":"https:\/\/www.europesays.com\/pt\/wp-json\/wp\/v2\/tags?post=228666"}],"curies":[{"name":"wp","href":"https:\/\/api.w.org\/{rel}","templated":true}]}}