{"id":228678,"date":"2026-01-14T17:43:07","date_gmt":"2026-01-14T17:43:07","guid":{"rendered":"https:\/\/www.europesays.com\/pt\/228678\/"},"modified":"2026-01-14T17:43:07","modified_gmt":"2026-01-14T17:43:07","slug":"maira-cardi-revela-que-deu-cartao-de-credito-black-para-baba-da-filha-nem-olho-a-fatura","status":"publish","type":"post","link":"https:\/\/www.europesays.com\/pt\/228678\/","title":{"rendered":"Ma\u00edra Cardi revela que deu cart\u00e3o de cr\u00e9dito black para bab\u00e1 da filha: &#8216;Nem olho a fatura&#8217;"},"content":{"rendered":"<p>Influenciadora contou que bancou carro, moradia e despesas para melhorar a qualidade de vida da funcion\u00e1ria<\/p>\n<p id=\"paragrafo-4ofrwund0y\">\nMa\u00edra Cardi voltou a chamar aten\u00e7\u00e3o nas redes sociais ao revelar que deu um cart\u00e3o de cr\u00e9dito com bandeira black para a bab\u00e1 de sua filha ca\u00e7ula. Segundo a influenciadora, o cart\u00e3o \u00e9 usado para custear despesas do dia a dia da funcion\u00e1ria, como combust\u00edvel e outras necessidades pessoais, e ela afirmou que n\u00e3o costuma conferir a fatura.&gt;\n<\/p>\n<p id=\"paragrafo-cso0uu4rbc\">\nM\u00e3e de Eloah, de 2 meses, Sophia, de 6 anos, e Lucas, de 24, Ma\u00edra fez o relato em um v\u00eddeo publicado no TikTok. Na grava\u00e7\u00e3o, ela contou que tamb\u00e9m trocou o modelo do carro que havia dado \u00e0 funcion\u00e1ria e explicou que a decis\u00e3o teve como objetivo melhorar a qualidade de vida da bab\u00e1.&gt;\n<\/p>\n<p id=\"paragrafo-r4j768c1r7\">\nDe acordo com a influenciadora, a funcion\u00e1ria levava cerca de tr\u00eas horas para chegar \u00e0 sua casa, o que reduzia o tempo que conseguia passar com o pr\u00f3prio filho. \u201cEu soube que ela levava umas tr\u00eas horas para chegar na minha casa e ficava pouco com o filho dela. Ela morava em um bairro muito distante. Por isso, eu dei um carro para ela ter mais qualidade de vida\u201d, contou.&gt;\n<\/p>\n<p id=\"paragrafo-j07h81jqnk\">\nMa\u00edra tamb\u00e9m relatou que levou a funcion\u00e1ria do Rio de Janeiro para S\u00e3o Paulo e alugou um im\u00f3vel para ela morar. \u201cQuando eu me mudei, ela veio, aluguei uma casa para ela em Campinas, peguei uma casa legal, com um parquinho para o filho dela, uma casa com tr\u00eas quartos, mobiliei a casa\u201d, disse.&gt;\n<\/p>\n<p id=\"paragrafo-p1yqfc52yi\">\nNos coment\u00e1rios da publica\u00e7\u00e3o, uma seguidora questionou como a bab\u00e1 consegue arcar com custos como IPVA e combust\u00edvel do carro. Em resposta, Ma\u00edra explicou que essas despesas s\u00e3o pagas por meio do cart\u00e3o de cr\u00e9dito oferecido \u00e0 funcion\u00e1ria.&gt;\n<\/p>\n<p id=\"paragrafo-n7m99rft8u\">\n\u201cApesar das minhas babas receberem tr\u00eas vezes mais do que recebe uma enfermeira, no caso da Preta, ela tem um cart\u00e3o black no nome dela onde sempre paguei combust\u00edvel e algumas coisinhas que ela precisa. Sinceramente, eu nem olho a fatura para saber, mas ela tem minha confian\u00e7a toda\u201d, escreveu. Segundo ela, atualmente, o carro dado \u00e0 funcion\u00e1ria \u00e9 usado principalmente pela filha dela, enquanto no dia a dia a bab\u00e1 utiliza o ve\u00edculo da pr\u00f3pria Ma\u00edra.&gt;<\/p>\n","protected":false},"excerpt":{"rendered":"Influenciadora contou que bancou carro, moradia e despesas para melhorar a qualidade de vida da funcion\u00e1ria Ma\u00edra Cardi&hellip;\n","protected":false},"author":2,"featured_media":228679,"comment_status":"","ping_status":"","sticky":false,"template":"","format":"standard","meta":{"footnotes":""},"categories":[145],"tags":[211,210,114,115,32,33],"class_list":{"0":"post-228678","1":"post","2":"type-post","3":"status-publish","4":"format-standard","5":"has-post-thumbnail","7":"category-celebridades","8":"tag-celebridades","9":"tag-celebrities","10":"tag-entertainment","11":"tag-entretenimento","12":"tag-portugal","13":"tag-pt"},"share_on_mastodon":{"url":"https:\/\/pubeurope.com\/@pt\/115894694901328075","error":""},"_links":{"self":[{"href":"https:\/\/www.europesays.com\/pt\/wp-json\/wp\/v2\/posts\/228678","targetHints":{"allow":["GET"]}}],"collection":[{"href":"https:\/\/www.europesays.com\/pt\/wp-json\/wp\/v2\/posts"}],"about":[{"href":"https:\/\/www.europesays.com\/pt\/wp-json\/wp\/v2\/types\/post"}],"author":[{"embeddable":true,"href":"https:\/\/www.europesays.com\/pt\/wp-json\/wp\/v2\/users\/2"}],"replies":[{"embeddable":true,"href":"https:\/\/www.europesays.com\/pt\/wp-json\/wp\/v2\/comments?post=228678"}],"version-history":[{"count":0,"href":"https:\/\/www.europesays.com\/pt\/wp-json\/wp\/v2\/posts\/228678\/revisions"}],"wp:featuredmedia":[{"embeddable":true,"href":"https:\/\/www.europesays.com\/pt\/wp-json\/wp\/v2\/media\/228679"}],"wp:attachment":[{"href":"https:\/\/www.europesays.com\/pt\/wp-json\/wp\/v2\/media?parent=228678"}],"wp:term":[{"taxonomy":"category","embeddable":true,"href":"https:\/\/www.europesays.com\/pt\/wp-json\/wp\/v2\/categories?post=228678"},{"taxonomy":"post_tag","embeddable":true,"href":"https:\/\/www.europesays.com\/pt\/wp-json\/wp\/v2\/tags?post=228678"}],"curies":[{"name":"wp","href":"https:\/\/api.w.org\/{rel}","templated":true}]}}