{"id":228681,"date":"2026-01-14T17:47:09","date_gmt":"2026-01-14T17:47:09","guid":{"rendered":"https:\/\/www.europesays.com\/pt\/228681\/"},"modified":"2026-01-14T17:47:09","modified_gmt":"2026-01-14T17:47:09","slug":"black-label-society-divulga-name-in-blood-faixa-de-seu-proximo-album","status":"publish","type":"post","link":"https:\/\/www.europesays.com\/pt\/228681\/","title":{"rendered":"Black Label Society divulga &#8220;Name in Blood&#8221;, faixa de seu pr\u00f3ximo \u00e1lbum"},"content":{"rendered":"<p>A banda <a href=\"https:\/\/whiplash.net\/bandas\/b\/blacklabelsociety.html\" class=\"hotwords\" rel=\"nofollow noopener\" target=\"_blank\">Black Label Society<\/a>, liderada pelo guitarrista e vocalista <a href=\"https:\/\/whiplash.net\/bandas\/z\/zakkwylde.html\" class=\"hotwords\" rel=\"nofollow noopener\" target=\"_blank\">Zakk Wylde<\/a>, lan\u00e7ou nesta quarta-feira (14 de janeiro) a faixa &#8220;Name in Blood&#8221;, que integra seu pr\u00f3ximo \u00e1lbum de est\u00fadio. Intitulado &#8220;Engines of Demolition&#8221;, o disco d\u00e1 continuidade a &#8220;Doom Crew Inc.&#8221; (2021) e tem lan\u00e7amento previsto para o dia 27 de mar\u00e7o deste ano.<\/p>\n<p>&#8220;Name in Blood&#8221;, cujo v\u00eddeo pode ser conferido no player abaixo, \u00e9 o quarto single de &#8220;Engines of Demolition&#8221;. Os lan\u00e7amentos anteriores s\u00e3o &#8220;Broken and Blind&#8221;, &#8220;Lord Humungus&#8221; e &#8220;The Gallows&#8221;.<\/p>\n<p><a href=\"https:\/\/whiplash.net\/bandas\/b\/blacklabelsociety.html\" class=\"linkBotao\" rel=\"nofollow noopener\" target=\"_blank\">Black Label Society &#8211; Mais Novidades<\/a><\/p>\n<p>CONTINUA DEPOIS DA PUBLICIDADE &#8211; CLI<\/p>\n<p>&#13;<br \/>\n&#13;<br \/>\n&#13;<br \/>\n&#13;<br \/>\n&#13;<br \/>\n&#13;<br \/>\n&#13;<br \/>\n&#13;<br \/>\n<a href=\"https:\/\/whiplash.net\/materias\/whiplash\/027002.html\" rel=\"nofollow noopener\" target=\"_blank\"><img decoding=\"async\" src=\"https:\/\/www.europesays.com\/pt\/wp-content\/uploads\/2026\/01\/1767746289_757_anunciar_diabo_336x280.gif\" loading=\"lazy\" width=\"336\" height=\"280\" class=\"widthConstrained\" style=\"background-color:#000000;display:block;\" alt=\"Anunciar bandas e shows de Rock e Heavy Metal\"\/><\/a>&#13;<\/p>\n<p>\u25ba&#8221; src=&#8221;https:\/\/www.youtube.com\/embed\/u4C0g5gFr1Y&#8221; width=&#8221;560&#8243; height=&#8221;315&#8243; allow=&#8221;accelerometer; autoplay; clipboard-write; encrypted-media; gyroscope; picture-in-picture&#8221; allowfullscreen loading=&#8221;lazy&#8221; style=&#8221;border:0;&#8221;&gt;<\/p>\n<p>O <a href=\"https:\/\/whiplash.net\/bandas\/b\/blacklabelsociety.html\" class=\"hotwords\" rel=\"nofollow noopener\" target=\"_blank\">Black Label Society<\/a> est\u00e1 entre os nomes confirmados para a edi\u00e7\u00e3o 2026 do Bangers Open Air. O festival ser\u00e1 realizado entre os dias 25 e 26 de abril, no Memorial da Am\u00e9rica Latina, em S\u00e3o Paulo.<\/p>\n<p>CONTINUA DEPOIS DA PUBLICIDADE &#8211; GOO<\/p>\n<p>&#13;<br \/>\n&#13;<br \/>\n&#13;<br \/>\n&#13;<br \/>\n<a href=\"https:\/\/whiplash.net\/materias\/whiplash\/027002.html\" rel=\"nofollow noopener\" target=\"_blank\"><img decoding=\"async\" src=\"https:\/\/www.europesays.com\/pt\/wp-content\/uploads\/2026\/01\/1767746289_757_anunciar_diabo_336x280.gif\" loading=\"lazy\" width=\"336\" height=\"280\" alt=\"Anunciar no Whiplash.Net\"\/><\/a>&#13;<br \/>\n&#13;<br \/>\n&#13;<br \/>\n&#13;<br \/>\n&#13;<br \/>\n&#13;<br \/>\n<a href=\"https:\/\/whiplash.net\/materias\/whiplash\/027002.html\" rel=\"nofollow noopener\" target=\"_blank\"><img decoding=\"async\" src=\"https:\/\/www.europesays.com\/pt\/wp-content\/uploads\/2026\/01\/1767746289_757_anunciar_diabo_336x280.gif\" loading=\"lazy\" width=\"336\" height=\"280\" class=\"widthConstrained\" style=\"background-color:#000000;display:block;\" alt=\"Anunciar bandas e shows de Rock e Heavy Metal\"\/><\/a>&#13;<\/p>\n","protected":false},"excerpt":{"rendered":"A banda Black Label Society, liderada pelo guitarrista e vocalista Zakk Wylde, lan\u00e7ou nesta quarta-feira (14 de janeiro)&hellip;\n","protected":false},"author":2,"featured_media":228682,"comment_status":"","ping_status":"","sticky":false,"template":"","format":"standard","meta":{"footnotes":""},"categories":[141],"tags":[114,115,149,150,32,33],"class_list":{"0":"post-228681","1":"post","2":"type-post","3":"status-publish","4":"format-standard","5":"has-post-thumbnail","7":"category-musica","8":"tag-entertainment","9":"tag-entretenimento","10":"tag-music","11":"tag-musica","12":"tag-portugal","13":"tag-pt"},"share_on_mastodon":{"url":"https:\/\/pubeurope.com\/@pt\/115894710706596392","error":""},"_links":{"self":[{"href":"https:\/\/www.europesays.com\/pt\/wp-json\/wp\/v2\/posts\/228681","targetHints":{"allow":["GET"]}}],"collection":[{"href":"https:\/\/www.europesays.com\/pt\/wp-json\/wp\/v2\/posts"}],"about":[{"href":"https:\/\/www.europesays.com\/pt\/wp-json\/wp\/v2\/types\/post"}],"author":[{"embeddable":true,"href":"https:\/\/www.europesays.com\/pt\/wp-json\/wp\/v2\/users\/2"}],"replies":[{"embeddable":true,"href":"https:\/\/www.europesays.com\/pt\/wp-json\/wp\/v2\/comments?post=228681"}],"version-history":[{"count":0,"href":"https:\/\/www.europesays.com\/pt\/wp-json\/wp\/v2\/posts\/228681\/revisions"}],"wp:featuredmedia":[{"embeddable":true,"href":"https:\/\/www.europesays.com\/pt\/wp-json\/wp\/v2\/media\/228682"}],"wp:attachment":[{"href":"https:\/\/www.europesays.com\/pt\/wp-json\/wp\/v2\/media?parent=228681"}],"wp:term":[{"taxonomy":"category","embeddable":true,"href":"https:\/\/www.europesays.com\/pt\/wp-json\/wp\/v2\/categories?post=228681"},{"taxonomy":"post_tag","embeddable":true,"href":"https:\/\/www.europesays.com\/pt\/wp-json\/wp\/v2\/tags?post=228681"}],"curies":[{"name":"wp","href":"https:\/\/api.w.org\/{rel}","templated":true}]}}