{"id":228696,"date":"2026-01-14T17:57:12","date_gmt":"2026-01-14T17:57:12","guid":{"rendered":"https:\/\/www.europesays.com\/pt\/228696\/"},"modified":"2026-01-14T17:57:12","modified_gmt":"2026-01-14T17:57:12","slug":"thais-carla-celebra-nova-fase-apos-cirurgia-bariatrica-e-revela-detalhes-da-transformacao-corporal","status":"publish","type":"post","link":"https:\/\/www.europesays.com\/pt\/228696\/","title":{"rendered":"Thais Carla celebra nova fase ap\u00f3s cirurgia bari\u00e1trica e revela detalhes da transforma\u00e7\u00e3o corporal"},"content":{"rendered":"\n<p class=\" content-text__container \" data-track-category=\"Link no Texto\" data-track-links=\"\"> Nos stories do Instagram, Thais apareceu usando apenas lingerie e explicou que a escolha teve um prop\u00f3sito claro: evidenciar a evolu\u00e7\u00e3o do corpo. &#8220;Gente eu vim aqui de calcinha e suti\u00e3 s\u00f3 para mostrar para voc\u00eas que estou chocada&#8221;, afirmou. Em seguida, refor\u00e7ou a surpresa com o processo. &#8220;Estou chocada como meu corpo mudou&#8221;, comemorou. <\/p>\n<p class=\" content-text__container \" data-track-category=\"Link no Texto\" data-track-links=\"\"> Ao mostrar detalhes da nova forma f\u00edsica, a dan\u00e7arina voltou a brincar com a pr\u00f3pria imagem. &#8220;Velho, olha essa cinturinha de viol\u00e3o&#8221;, disse. Logo depois, exibiu o excesso de pele na regi\u00e3o abdominal e fez piada: &#8220;Um peito extra&#8221;. Apesar do tom descontra\u00eddo, Thais destacou que mant\u00e9m o foco nos pr\u00f3ximos passos da transforma\u00e7\u00e3o. &#8220;Chocada, ent\u00e3o, meu amor, bora malhar!&#8221;, concluiu. <\/p>\n<p class=\" content-text__container \" data-track-category=\"Link no Texto\" data-track-links=\"\"> Na \u00faltima segunda-feira (12), Thais tamb\u00e9m se emocionou ao divulgar o resultado de um exame de bioimped\u00e2ncia, m\u00e9todo que analisa a composi\u00e7\u00e3o corporal. Segundo ela, os dados confirmam a evolu\u00e7\u00e3o desde a cirurgia e refor\u00e7am que seu objetivo vai al\u00e9m do peso na balan\u00e7a, com aten\u00e7\u00e3o especial \u00e0 redu\u00e7\u00e3o de gordura e ao ganho de massa magra. Atualmente, a dan\u00e7arina pesa 140,2 kg. <\/p>\n","protected":false},"excerpt":{"rendered":"Nos stories do Instagram, Thais apareceu usando apenas lingerie e explicou que a escolha teve um prop\u00f3sito claro:&hellip;\n","protected":false},"author":2,"featured_media":228697,"comment_status":"","ping_status":"","sticky":false,"template":"","format":"standard","meta":{"footnotes":""},"categories":[145],"tags":[211,210,114,115,319,32,33,318],"class_list":{"0":"post-228696","1":"post","2":"type-post","3":"status-publish","4":"format-standard","5":"has-post-thumbnail","7":"category-celebridades","8":"tag-celebridades","9":"tag-celebrities","10":"tag-entertainment","11":"tag-entretenimento","12":"tag-hard-news","13":"tag-portugal","14":"tag-pt","15":"tag-radar"},"share_on_mastodon":{"url":"https:\/\/pubeurope.com\/@pt\/115894750098826833","error":""},"_links":{"self":[{"href":"https:\/\/www.europesays.com\/pt\/wp-json\/wp\/v2\/posts\/228696","targetHints":{"allow":["GET"]}}],"collection":[{"href":"https:\/\/www.europesays.com\/pt\/wp-json\/wp\/v2\/posts"}],"about":[{"href":"https:\/\/www.europesays.com\/pt\/wp-json\/wp\/v2\/types\/post"}],"author":[{"embeddable":true,"href":"https:\/\/www.europesays.com\/pt\/wp-json\/wp\/v2\/users\/2"}],"replies":[{"embeddable":true,"href":"https:\/\/www.europesays.com\/pt\/wp-json\/wp\/v2\/comments?post=228696"}],"version-history":[{"count":0,"href":"https:\/\/www.europesays.com\/pt\/wp-json\/wp\/v2\/posts\/228696\/revisions"}],"wp:featuredmedia":[{"embeddable":true,"href":"https:\/\/www.europesays.com\/pt\/wp-json\/wp\/v2\/media\/228697"}],"wp:attachment":[{"href":"https:\/\/www.europesays.com\/pt\/wp-json\/wp\/v2\/media?parent=228696"}],"wp:term":[{"taxonomy":"category","embeddable":true,"href":"https:\/\/www.europesays.com\/pt\/wp-json\/wp\/v2\/categories?post=228696"},{"taxonomy":"post_tag","embeddable":true,"href":"https:\/\/www.europesays.com\/pt\/wp-json\/wp\/v2\/tags?post=228696"}],"curies":[{"name":"wp","href":"https:\/\/api.w.org\/{rel}","templated":true}]}}