{"id":228704,"date":"2026-01-14T18:02:10","date_gmt":"2026-01-14T18:02:10","guid":{"rendered":"https:\/\/www.europesays.com\/pt\/228704\/"},"modified":"2026-01-14T18:02:10","modified_gmt":"2026-01-14T18:02:10","slug":"programe-seu-cinema-2026-com-estes-50-filmes","status":"publish","type":"post","link":"https:\/\/www.europesays.com\/pt\/228704\/","title":{"rendered":"Programe seu cinema 2026 com estes 50 filmes"},"content":{"rendered":"<p class=\"bullet mt-0\" data-v-232111b4=\"\">&#8220;Amanhecer na Colheita&#8221; se concentra em Haymitch Abernathy, personagem de Woody Harrelson em outros filmes da s\u00e9rie, agora interpretado por Joseph Zada em sua vers\u00e3o ,mais jovem. Ambientado 24 anos antes do primeiro filme, a nova aventura mostra a celebra\u00e7\u00e3o de 50 anos dos jogos e os jovens que tem sua vida arruinada por eles. Mckeena Grace, Ralph Fiennes, Maya Hawke, Elle Fanning, Jesse Plemons e Glenn Close completam o elenco, que ainda promete uma ponta de Jennifer Lawrence.<\/p>\n<p class=\"bullet\" data-v-232111b4=\"\"><strong>Fique de olho em&#8230; <\/strong>Gru, que t\u00e3o certo quanto a morte e os impostos, volta ao cinema pela s\u00e9tima (!) vez ao lado de seus capangas amarelos no inevit\u00e1vel <strong>&#8220;Minions 3&#8221;<\/strong> (2 de julho). Miseric\u00f3rdia&#8230;<\/p>\n<p class=\"bullet\" data-v-232111b4=\"\"><strong>SUPERGIRL<\/strong><br \/>(&#8220;Supergirl!, 25 de junho)<\/p>\n<p><img width=\"750\" height=\"421\" src=\"https:\/\/www.europesays.com\/pt\/wp-content\/uploads\/2026\/01\/preview26-supergirl-1768385446485_v2_750x421.jpg\" alt=\"'Supergirl'\" loading=\"eager\" fetchpriority=\"low\" decoding=\"auto\" title=\"'Supergirl'\" style=\"border-radius:var(--solar-border-radius-25);\" data-v-73d45db8=\"\"\/> &#8216;Supergirl&#8217; Imagem: Warner<\/p>\n<p class=\"bullet\" data-v-232111b4=\"\">Se &#8220;Superman&#8221; reacendeu o pavio no universo DC no cinema, &#8220;Supergirl&#8221; chega para colocar fogo no parquinho. A Garota de A\u00e7o, prima de um certo Kal-El, retorna aos cinemas depois de dois strikes: o filme tosco-cult de 1984 com Helen Slater, e o desastre &#8220;The Flash&#8221;, que fechou a lojinha da encarna\u00e7\u00e3o anterior deste universo, em que a hero\u00edna foi defendida por Sasha Calle.<\/p>\n<p class=\"bullet\" data-v-232111b4=\"\">Quem toma a frente agora \u00e9 Milly Alcock, \u00e0 frente da aventura dirigida por Craig Gillespie (&#8220;Cruella&#8221;) que adapta a miniss\u00e9rie escrita por Tom King e desenhada pela brasileira Bilquis Evelyn. Ao completar 23 anos, Kara Zor-El deixa a terra para afogar as m\u00e1goas acompanhada de seu pet, Krypto. No espa\u00e7o, contudo, ela se enrosca em uma trama de vingan\u00e7a e, em meio ao caos, cruza o caminho do ca\u00e7ador de recompensas intergal\u00e1ctico, Lobo (Jason Momoa, que nunca mais deve conversar com peixes).<\/p>\n","protected":false},"excerpt":{"rendered":"&#8220;Amanhecer na Colheita&#8221; se concentra em Haymitch Abernathy, personagem de Woody Harrelson em outros filmes da s\u00e9rie, agora&hellip;\n","protected":false},"author":2,"featured_media":228705,"comment_status":"","ping_status":"","sticky":false,"template":"","format":"standard","meta":{"footnotes":""},"categories":[140],"tags":[114,115,147,148,146,32,33],"class_list":{"0":"post-228704","1":"post","2":"type-post","3":"status-publish","4":"format-standard","5":"has-post-thumbnail","7":"category-filmes","8":"tag-entertainment","9":"tag-entretenimento","10":"tag-film","11":"tag-filmes","12":"tag-movies","13":"tag-portugal","14":"tag-pt"},"share_on_mastodon":{"url":"https:\/\/pubeurope.com\/@pt\/115894769966533602","error":""},"_links":{"self":[{"href":"https:\/\/www.europesays.com\/pt\/wp-json\/wp\/v2\/posts\/228704","targetHints":{"allow":["GET"]}}],"collection":[{"href":"https:\/\/www.europesays.com\/pt\/wp-json\/wp\/v2\/posts"}],"about":[{"href":"https:\/\/www.europesays.com\/pt\/wp-json\/wp\/v2\/types\/post"}],"author":[{"embeddable":true,"href":"https:\/\/www.europesays.com\/pt\/wp-json\/wp\/v2\/users\/2"}],"replies":[{"embeddable":true,"href":"https:\/\/www.europesays.com\/pt\/wp-json\/wp\/v2\/comments?post=228704"}],"version-history":[{"count":0,"href":"https:\/\/www.europesays.com\/pt\/wp-json\/wp\/v2\/posts\/228704\/revisions"}],"wp:featuredmedia":[{"embeddable":true,"href":"https:\/\/www.europesays.com\/pt\/wp-json\/wp\/v2\/media\/228705"}],"wp:attachment":[{"href":"https:\/\/www.europesays.com\/pt\/wp-json\/wp\/v2\/media?parent=228704"}],"wp:term":[{"taxonomy":"category","embeddable":true,"href":"https:\/\/www.europesays.com\/pt\/wp-json\/wp\/v2\/categories?post=228704"},{"taxonomy":"post_tag","embeddable":true,"href":"https:\/\/www.europesays.com\/pt\/wp-json\/wp\/v2\/tags?post=228704"}],"curies":[{"name":"wp","href":"https:\/\/api.w.org\/{rel}","templated":true}]}}