{"id":228714,"date":"2026-01-14T18:08:08","date_gmt":"2026-01-14T18:08:08","guid":{"rendered":"https:\/\/www.europesays.com\/pt\/228714\/"},"modified":"2026-01-14T18:08:08","modified_gmt":"2026-01-14T18:08:08","slug":"primarias-da-esquerda-a-direita-seguro-e-ventura-no-foco-dos-ataques","status":"publish","type":"post","link":"https:\/\/www.europesays.com\/pt\/228714\/","title":{"rendered":"Prim\u00e1rias da esquerda \u00e0 direita: Seguro e Ventura no foco dos ataques"},"content":{"rendered":"<p>Marques Mendes centrou os seus ataques inicialmente em Gouveia e Melo, porque achou que era o seu principal advers\u00e1rio na corrida \u00e0 segunda volta, depois redirecionou para Cotrim e s\u00f3 nos \u00faltimos dias passou a referir-se ao &#8220;socialista&#8221; Ant\u00f3nio Jos\u00e9 Seguro. Cotrim lan\u00e7ou a suspeita sobre os interesse de Mendes, mas deixou depois essa linha de ataque a Gouveia e Melo. O almirante centrou-se em Mendes, mas acabou a <a href=\"https:\/\/expresso.pt\/politica\/eleicoes\/presidenciais-2026\/2026-01-13-almirante-contra-tres-cinismo-de-ps-e-psd-alimentam-populismo-de-ventura-df8e5e32-1\" target=\"_blank\" rel=\"noopener noreferrer nofollow\">disparar contra tr\u00eas<\/a> e ainda a enviar uns tiros a Cotrim. Seguro tentou atacar pouco, centrando-se no combate ao extremismo e pairarando acima do fogo cruzado, e Ventura manteve o coldre muito mais fechado do que lhe foi habitual noutras campanhas.<\/p>\n<p><a href=\"https:\/\/expresso.pt\/subscrever?action=GEN&amp;channel=BAF&amp;type=CAP&amp;source=WEB&amp;returnUrl=https:\/\/expresso.pt\/politica\/eleicoes\/presidenciais-2026\/2026-01-14-primarias-da-esquerda-a-direita-seguro-e-ventura-no-foco-dos-ataques-baee028a&amp;utm_source=expresso&amp;utm_medium=locked_article&amp;locked=true&amp;article_id=5e25de47-07ce-4df3-9d3c-48f8dad3efc7&amp;author_id=Liliana+Valente&amp;category=Presidenciais+2026\" target=\"_self\" class=\"\" rel=\"nofollow noopener\">Subscrever<\/a>J\u00e1 \u00e9 Subscritor?Fa\u00e7a login e continue a ler<a href=\"http:\/\/expresso.pt\/codigo?redirectUrl=https:\/\/expresso.pt\/politica\/eleicoes\/presidenciais-2026\/2026-01-14-primarias-da-esquerda-a-direita-seguro-e-ventura-no-foco-dos-ataques-baee028a\" target=\"_self\" class=\"\" rel=\"nofollow noopener\">Inserir C\u00f3digo<\/a>Comprou o Expresso?Insira o c\u00f3digo presente na Revista E para continuar a ler<\/p>\n","protected":false},"excerpt":{"rendered":"Marques Mendes centrou os seus ataques inicialmente em Gouveia e Melo, porque achou que era o seu principal&hellip;\n","protected":false},"author":2,"featured_media":228715,"comment_status":"","ping_status":"","sticky":false,"template":"","format":"standard","meta":{"footnotes":""},"categories":[50],"tags":[27,28,15,16,14,25,26,21,22,62,12,13,19,20,23,24,17,18,29,30,31,63,64,65],"class_list":{"0":"post-228714","1":"post","2":"type-post","3":"status-publish","4":"format-standard","5":"has-post-thumbnail","7":"category-mundo","8":"tag-breaking-news","9":"tag-breakingnews","10":"tag-featured-news","11":"tag-featurednews","12":"tag-headlines","13":"tag-latest-news","14":"tag-latestnews","15":"tag-main-news","16":"tag-mainnews","17":"tag-mundo","18":"tag-news","19":"tag-noticias","20":"tag-noticias-principais","21":"tag-noticiasprincipais","22":"tag-principais-noticias","23":"tag-principaisnoticias","24":"tag-top-stories","25":"tag-topstories","26":"tag-ultimas","27":"tag-ultimas-noticias","28":"tag-ultimasnoticias","29":"tag-world","30":"tag-world-news","31":"tag-worldnews"},"share_on_mastodon":{"url":"https:\/\/pubeurope.com\/@pt\/115894793261002779","error":""},"_links":{"self":[{"href":"https:\/\/www.europesays.com\/pt\/wp-json\/wp\/v2\/posts\/228714","targetHints":{"allow":["GET"]}}],"collection":[{"href":"https:\/\/www.europesays.com\/pt\/wp-json\/wp\/v2\/posts"}],"about":[{"href":"https:\/\/www.europesays.com\/pt\/wp-json\/wp\/v2\/types\/post"}],"author":[{"embeddable":true,"href":"https:\/\/www.europesays.com\/pt\/wp-json\/wp\/v2\/users\/2"}],"replies":[{"embeddable":true,"href":"https:\/\/www.europesays.com\/pt\/wp-json\/wp\/v2\/comments?post=228714"}],"version-history":[{"count":0,"href":"https:\/\/www.europesays.com\/pt\/wp-json\/wp\/v2\/posts\/228714\/revisions"}],"wp:featuredmedia":[{"embeddable":true,"href":"https:\/\/www.europesays.com\/pt\/wp-json\/wp\/v2\/media\/228715"}],"wp:attachment":[{"href":"https:\/\/www.europesays.com\/pt\/wp-json\/wp\/v2\/media?parent=228714"}],"wp:term":[{"taxonomy":"category","embeddable":true,"href":"https:\/\/www.europesays.com\/pt\/wp-json\/wp\/v2\/categories?post=228714"},{"taxonomy":"post_tag","embeddable":true,"href":"https:\/\/www.europesays.com\/pt\/wp-json\/wp\/v2\/tags?post=228714"}],"curies":[{"name":"wp","href":"https:\/\/api.w.org\/{rel}","templated":true}]}}