{"id":228727,"date":"2026-01-14T18:22:45","date_gmt":"2026-01-14T18:22:45","guid":{"rendered":"https:\/\/www.europesays.com\/pt\/228727\/"},"modified":"2026-01-14T18:22:45","modified_gmt":"2026-01-14T18:22:45","slug":"portugal-assina-acordos-artemis-e-torna-se-no-60o-pais-do-grupo-de-cooperacao-espacial-ciencia","status":"publish","type":"post","link":"https:\/\/www.europesays.com\/pt\/228727\/","title":{"rendered":"Portugal assina Acordos Artemis e torna-se no 60\u00ba pa\u00eds do grupo de coopera\u00e7\u00e3o espacial &#8211; Ci\u00eancia"},"content":{"rendered":"<p>Estabelecidos originalmente em 2020 por oito signat\u00e1rios originais, a Austr\u00e1lia, Canad\u00e1, It\u00e1lia, Jap\u00e3o, Luxemburgo, Emirados \u00c1rabes Unidos, Reino Unido e Estados Unidos, <strong>os Acordos <a href=\"https:\/\/tek.sapo.pt\/tag\/artemis\" target=\"_blank\" rel=\"noopener noreferrer nofollow\">Artemis<\/a> s\u00e3o um quadro de princ\u00edpios que visam a explora\u00e7\u00e3o e a utiliza\u00e7\u00e3o civil do espa\u00e7o, garantindo uma coopera\u00e7\u00e3o internacional entre todos os pa\u00edses em termos de seguran\u00e7a, sustentabilidade e coopera\u00e7\u00e3o.<\/strong><\/p>\n<p><b data-stringify-type=\"bold\">N\u00e3o perca nenhuma not\u00edcia importante da atualidade de tecnologia e\u00a0<\/b><b data-stringify-type=\"bold\"><a class=\"c-link\" href=\"https:\/\/tek.sapo.pt\/\" target=\"_blank\" rel=\"noopener noreferrer nofollow\" data-stringify-link=\"https:\/\/tek.sapo.pt\/\" data-sk=\"tooltip_parent\">acompanhe tudo em tek.sapo.pt<\/a><\/b><\/p>\n<p><strong>A assinatura teve lugar durante a 52\u00aa Comiss\u00e3o Bilateral Permanente Portugal-Estados Unidos, realizada em Lisboa, que visava refor\u00e7ar o di\u00e1logo e a coopera\u00e7\u00e3o bilateral entre os dois pa\u00edses, em mat\u00e9rias de ci\u00eancia, tecnologia e espa\u00e7o<\/strong>. Atrav\u00e9s deste acordo, Portugal torna-se no 60\u00ba pa\u00eds a aderir com os princ\u00edpios do Tratado do Espa\u00e7o Exterior, a Conven\u00e7\u00e3o de Registo, o Acordo de Salvamento e Regresso dos Astronautas, bem como a promover melhores pr\u00e1ticas e princ\u00edpios de comportamento respons\u00e1vel para a explora\u00e7\u00e3o e utiliza\u00e7\u00e3o civil do espa\u00e7o.<\/p>\n<p>\u201cPortugal junta-se ao grupo de na\u00e7\u00f5es que est\u00e3o a construir o enquadramento para atividades espaciais seguras, transparentes e pr\u00f3speras. Esta \u00e9 a era dourada da explora\u00e7\u00e3o da nossa gera\u00e7\u00e3o. Juntos estamos a promover a inova\u00e7\u00e3o, a impulsionar a colabora\u00e7\u00e3o internacional e a descobrir os segredos do Universo\u201d, <strong>afirmou Jared Isaacman, administrador da <a href=\"https:\/\/tek.sapo.pt\/tag\/NASA\" target=\"_blank\" rel=\"noopener noreferrer nofollow\">NASA<\/a>.<\/strong><\/p>\n<p><strong>Para Hugo Andr\u00e9 Costa, diretor executivo da Ag\u00eancia Espacial Portuguesa (AEP),<\/strong> \u201cesta assinatura traduz um compromisso partilhado com uma explora\u00e7\u00e3o espacial pac\u00edfica, sustent\u00e1vel e respons\u00e1vel, assente em coopera\u00e7\u00e3o internacional, multilateralismo, transpar\u00eancia e na cria\u00e7\u00e3o de benef\u00edcios com impacto alargado.\u201d <strong>Desta forma, Portugal refor\u00e7a a sua participa\u00e7\u00e3o na governa\u00e7\u00e3o internacional do espa\u00e7o e no desenvolvimento de atividades espaciais, incluindo o programa Artemis da NASA, que ir\u00e1 levar <a href=\"https:\/\/tek.sapo.pt\/noticias\/ciencia\/artigos\/artemis-iii-atrasos-da-spacex-podem-empurrar-regresso-a-lua-para-2028\" target=\"_blank\" rel=\"noopener noreferrer nofollow\">humanos de volta \u00e0 Lua<\/a> pela primeira vez desde o programa Apollo.<\/strong><\/p>\n<p><strong>Os princ\u00edpios defendidos nos <a href=\"https:\/\/www.nasa.gov\/artemis-accords\/\" target=\"_blank\" rel=\"noopener noreferrer nofollow\">Acordos Artemis<\/a> incluem a garantia de uma explora\u00e7\u00e3o espacial pac\u00edfica, uma transpar\u00eancia entre os pa\u00edses membros, interoperabilidade entre os sistemas usados por cada pa\u00eds<\/strong>, acordos de salvamento e resgate de astronautas, registo de objetos espaciais recolhidos, partilha de dados cient\u00edficos e preserva\u00e7\u00e3o de locais e objetos hist\u00f3ricos no espa\u00e7o, entre outros.<\/p>\n<p>\u201cOs princ\u00edpios defendidos nos Acordos Artemis \u2014 transpar\u00eancia, interoperabilidade, utiliza\u00e7\u00e3o respons\u00e1vel dos recursos, entre outros \u2014 refletem o que Portugal tem vindo a defender nas Na\u00e7\u00f5es Unidas e na comunidade internacional\u201d, concluiu Hugo Andr\u00e9 Costa da AEP. <strong>Estes princ\u00edpios refletem o que j\u00e1 tinha sido acordado em 2024, atrav\u00e9s da Declara\u00e7\u00e3o de Lisboa sobre o Espa\u00e7o Exterior, que j\u00e1 na altura teve um forte contributo dos EUA, e que segue seis pilares essenciais<\/strong> para \u201ccriar confian\u00e7a, reduzir a incerteza e promover um espa\u00e7o exterior seguro e acess\u00edvel para todos.\u201d<\/p>\n<p>Assine a\u00a0<a href=\"https:\/\/teknoticias.us15.list-manage.com\/subscribe?u=9a06a5af5e9150806abc02bae&amp;id=ef9b27090d\" target=\"_blank\" rel=\"noopener noreferrer nofollow\" data-stringify-link=\"https:\/\/teknoticias.us15.list-manage.com\/subscribe?u=9a06a5af5e9150806abc02bae&amp;id=ef9b27090d\" data-sk=\"tooltip_parent\">newsletter do TEK Not\u00edcias<\/a>\u00a0e receba todos os dias as principais not\u00edcias de tecnologia na sua caixa de correio.<\/p>\n","protected":false},"excerpt":{"rendered":"Estabelecidos originalmente em 2020 por oito signat\u00e1rios originais, a Austr\u00e1lia, Canad\u00e1, It\u00e1lia, Jap\u00e3o, Luxemburgo, Emirados \u00c1rabes Unidos, Reino&hellip;\n","protected":false},"author":2,"featured_media":228728,"comment_status":"","ping_status":"","sticky":false,"template":"","format":"standard","meta":{"footnotes":""},"categories":[84],"tags":[109,107,108,32,33,105,103,104,106,110],"class_list":{"0":"post-228727","1":"post","2":"type-post","3":"status-publish","4":"format-standard","5":"has-post-thumbnail","7":"category-ciencia-e-tecnologia","8":"tag-ciencia","9":"tag-ciencia-e-tecnologia","10":"tag-cienciaetecnologia","11":"tag-portugal","12":"tag-pt","13":"tag-science","14":"tag-science-and-technology","15":"tag-scienceandtechnology","16":"tag-technology","17":"tag-tecnologia"},"share_on_mastodon":{"url":"https:\/\/pubeurope.com\/@pt\/115894848322250679","error":""},"_links":{"self":[{"href":"https:\/\/www.europesays.com\/pt\/wp-json\/wp\/v2\/posts\/228727","targetHints":{"allow":["GET"]}}],"collection":[{"href":"https:\/\/www.europesays.com\/pt\/wp-json\/wp\/v2\/posts"}],"about":[{"href":"https:\/\/www.europesays.com\/pt\/wp-json\/wp\/v2\/types\/post"}],"author":[{"embeddable":true,"href":"https:\/\/www.europesays.com\/pt\/wp-json\/wp\/v2\/users\/2"}],"replies":[{"embeddable":true,"href":"https:\/\/www.europesays.com\/pt\/wp-json\/wp\/v2\/comments?post=228727"}],"version-history":[{"count":0,"href":"https:\/\/www.europesays.com\/pt\/wp-json\/wp\/v2\/posts\/228727\/revisions"}],"wp:featuredmedia":[{"embeddable":true,"href":"https:\/\/www.europesays.com\/pt\/wp-json\/wp\/v2\/media\/228728"}],"wp:attachment":[{"href":"https:\/\/www.europesays.com\/pt\/wp-json\/wp\/v2\/media?parent=228727"}],"wp:term":[{"taxonomy":"category","embeddable":true,"href":"https:\/\/www.europesays.com\/pt\/wp-json\/wp\/v2\/categories?post=228727"},{"taxonomy":"post_tag","embeddable":true,"href":"https:\/\/www.europesays.com\/pt\/wp-json\/wp\/v2\/tags?post=228727"}],"curies":[{"name":"wp","href":"https:\/\/api.w.org\/{rel}","templated":true}]}}