{"id":228755,"date":"2026-01-14T18:41:08","date_gmt":"2026-01-14T18:41:08","guid":{"rendered":"https:\/\/www.europesays.com\/pt\/228755\/"},"modified":"2026-01-14T18:41:08","modified_gmt":"2026-01-14T18:41:08","slug":"pai-de-isabel-veloso-faz-homenagem-emocionante-a-filha","status":"publish","type":"post","link":"https:\/\/www.europesays.com\/pt\/228755\/","title":{"rendered":"Pai de Isabel Veloso faz homenagem emocionante \u00e0 filha"},"content":{"rendered":"<p data-end=\"633\" data-start=\"316\" class=\"bullet mt-0\" data-v-232111b4=\"\">Joelson Veloso, pai de Isabel Veloso, publicou, na manh\u00e3 de hoje, uma mensagem comovente sobre os desafios que a filha enfrentou nos \u00faltimos anos de vida.<\/p>\n<p>O que aconteceu<\/p>\n<p data-end=\"633\" data-start=\"316\" class=\"bullet\" data-v-232111b4=\"\"><strong>A influenciadora morreu aos 19 anos devido a complica\u00e7\u00f5es de um transplante de medula \u00f3ssea (TMO), enquanto tratava um Linfoma de Hodgkin desde os 15 anos.<\/strong> &#8220;Isabel, minha princesa, minha luz? Voc\u00ea enfrentou o que muitos n\u00e3o suportariam. Viveu com coragem, amou com profundidade, sofreu em sil\u00eancio e sorriu mesmo na dor. Sua vida foi breve, mas intensa, e cada passo seu foi verdadeiro&#8221;, escreveu.<\/p>\n<p data-end=\"1230\" data-start=\"946\" class=\"bullet\" data-v-232111b4=\"\"><strong>Joelson apontou que Isabel nunca teve uma vida f\u00e1cil. &#8220;<\/strong>Voc\u00ea n\u00e3o seguiu os caminhos f\u00e1ceis, seguiu o seu. N\u00e3o buscou aplausos, buscou sentido. N\u00e3o fugiu da luta, encarou cada batalha com a alma de uma guerreira. E mesmo nas madrugadas mais dif\u00edceis, nunca deixou de ser luz. Voc\u00ea foi amor. Foi f\u00e9. Foi exemplo&#8221;, acrescentou no Instagram.<\/p>\n","protected":false},"excerpt":{"rendered":"Joelson Veloso, pai de Isabel Veloso, publicou, na manh\u00e3 de hoje, uma mensagem comovente sobre os desafios que&hellip;\n","protected":false},"author":2,"featured_media":169240,"comment_status":"","ping_status":"","sticky":false,"template":"","format":"standard","meta":{"footnotes":""},"categories":[145],"tags":[211,210,114,115,32,33],"class_list":{"0":"post-228755","1":"post","2":"type-post","3":"status-publish","4":"format-standard","5":"has-post-thumbnail","7":"category-celebridades","8":"tag-celebridades","9":"tag-celebrities","10":"tag-entertainment","11":"tag-entretenimento","12":"tag-portugal","13":"tag-pt"},"share_on_mastodon":{"url":"https:\/\/pubeurope.com\/@pt\/115894922937588681","error":""},"_links":{"self":[{"href":"https:\/\/www.europesays.com\/pt\/wp-json\/wp\/v2\/posts\/228755","targetHints":{"allow":["GET"]}}],"collection":[{"href":"https:\/\/www.europesays.com\/pt\/wp-json\/wp\/v2\/posts"}],"about":[{"href":"https:\/\/www.europesays.com\/pt\/wp-json\/wp\/v2\/types\/post"}],"author":[{"embeddable":true,"href":"https:\/\/www.europesays.com\/pt\/wp-json\/wp\/v2\/users\/2"}],"replies":[{"embeddable":true,"href":"https:\/\/www.europesays.com\/pt\/wp-json\/wp\/v2\/comments?post=228755"}],"version-history":[{"count":0,"href":"https:\/\/www.europesays.com\/pt\/wp-json\/wp\/v2\/posts\/228755\/revisions"}],"wp:featuredmedia":[{"embeddable":true,"href":"https:\/\/www.europesays.com\/pt\/wp-json\/wp\/v2\/media\/169240"}],"wp:attachment":[{"href":"https:\/\/www.europesays.com\/pt\/wp-json\/wp\/v2\/media?parent=228755"}],"wp:term":[{"taxonomy":"category","embeddable":true,"href":"https:\/\/www.europesays.com\/pt\/wp-json\/wp\/v2\/categories?post=228755"},{"taxonomy":"post_tag","embeddable":true,"href":"https:\/\/www.europesays.com\/pt\/wp-json\/wp\/v2\/tags?post=228755"}],"curies":[{"name":"wp","href":"https:\/\/api.w.org\/{rel}","templated":true}]}}