{"id":228777,"date":"2026-01-14T19:02:07","date_gmt":"2026-01-14T19:02:07","guid":{"rendered":"https:\/\/www.europesays.com\/pt\/228777\/"},"modified":"2026-01-14T19:02:07","modified_gmt":"2026-01-14T19:02:07","slug":"filme-com-stallone-rende-a-isis-valverde-indicacao-a-pior-atriz-do-ano-entenda","status":"publish","type":"post","link":"https:\/\/www.europesays.com\/pt\/228777\/","title":{"rendered":"Filme com Stallone rende a Isis Valverde indica\u00e7\u00e3o a pior atriz do ano; entenda"},"content":{"rendered":"\n<p class=\"resumo_item_amdb\">O filme &#8216;C\u00f3digo Alarum&#8217;, que marcou a estreia de Isis Valverde em Hollywood, recebeu cr\u00edticas negativas, mas rendeu \u00e0 atriz uma indica\u00e7\u00e3o ao Framboesa de Ouro, que premia os piores do cinema.<\/p>\n<p class=\"resumo_item_amdb\">Isis Valverde figura na pr\u00e9-lista ao lado de outras atrizes renomadas, e o resultado final ser\u00e1 anunciado em 14 de mar\u00e7o.<\/p>\n<p class=\"resumo_item_amdb\">O longa, que estreou em mar\u00e7o de 2025, apresenta a hist\u00f3ria de agentes secretos e a participa\u00e7\u00e3o de Valverde \u00e9 limitada a cerca de 20 minutos em um total de 90 minutos de filme.<\/p>\n","protected":false},"excerpt":{"rendered":"O filme &#8216;C\u00f3digo Alarum&#8217;, que marcou a estreia de Isis Valverde em Hollywood, recebeu cr\u00edticas negativas, mas rendeu&hellip;\n","protected":false},"author":2,"featured_media":228778,"comment_status":"","ping_status":"","sticky":false,"template":"","format":"standard","meta":{"footnotes":""},"categories":[140],"tags":[43959,43958,43956,43957,9813,43960,12704,25622,114,115,4734,147,471,148,43954,10912,2595,15274,43955,1140,146,6690,32,33,16735,30034,43961],"class_list":{"0":"post-228777","1":"post","2":"type-post","3":"status-publish","4":"format-standard","5":"has-post-thumbnail","7":"category-filmes","8":"tag-agentes-secretos","9":"tag-amara-okereke","10":"tag-anna-chlumsky","11":"tag-cacada","12":"tag-cinemas","13":"tag-codigo-alarum","14":"tag-duracao","15":"tag-eiza-gonzalez","16":"tag-entertainment","17":"tag-entretenimento","18":"tag-estreia","19":"tag-film","20":"tag-filme","21":"tag-filmes","22":"tag-framboesa-de-ouro","23":"tag-gal-gadot","24":"tag-hollywood","25":"tag-isis-valverde","26":"tag-joe","27":"tag-lara","28":"tag-movies","29":"tag-participacao","30":"tag-portugal","31":"tag-pt","32":"tag-scott-eastwood","33":"tag-willa-fitzgerald","34":"tag-world-of-reel"},"share_on_mastodon":{"url":"https:\/\/pubeurope.com\/@pt\/115895005685629961","error":""},"_links":{"self":[{"href":"https:\/\/www.europesays.com\/pt\/wp-json\/wp\/v2\/posts\/228777","targetHints":{"allow":["GET"]}}],"collection":[{"href":"https:\/\/www.europesays.com\/pt\/wp-json\/wp\/v2\/posts"}],"about":[{"href":"https:\/\/www.europesays.com\/pt\/wp-json\/wp\/v2\/types\/post"}],"author":[{"embeddable":true,"href":"https:\/\/www.europesays.com\/pt\/wp-json\/wp\/v2\/users\/2"}],"replies":[{"embeddable":true,"href":"https:\/\/www.europesays.com\/pt\/wp-json\/wp\/v2\/comments?post=228777"}],"version-history":[{"count":0,"href":"https:\/\/www.europesays.com\/pt\/wp-json\/wp\/v2\/posts\/228777\/revisions"}],"wp:featuredmedia":[{"embeddable":true,"href":"https:\/\/www.europesays.com\/pt\/wp-json\/wp\/v2\/media\/228778"}],"wp:attachment":[{"href":"https:\/\/www.europesays.com\/pt\/wp-json\/wp\/v2\/media?parent=228777"}],"wp:term":[{"taxonomy":"category","embeddable":true,"href":"https:\/\/www.europesays.com\/pt\/wp-json\/wp\/v2\/categories?post=228777"},{"taxonomy":"post_tag","embeddable":true,"href":"https:\/\/www.europesays.com\/pt\/wp-json\/wp\/v2\/tags?post=228777"}],"curies":[{"name":"wp","href":"https:\/\/api.w.org\/{rel}","templated":true}]}}