{"id":228781,"date":"2026-01-14T19:04:12","date_gmt":"2026-01-14T19:04:12","guid":{"rendered":"https:\/\/www.europesays.com\/pt\/228781\/"},"modified":"2026-01-14T19:04:12","modified_gmt":"2026-01-14T19:04:12","slug":"pbh-reforca-vacinacao-de-gestantes-para-proteger-recem-nascidos-da-bronquiolite","status":"publish","type":"post","link":"https:\/\/www.europesays.com\/pt\/228781\/","title":{"rendered":"PBH refor\u00e7a vacina\u00e7\u00e3o de gestantes para proteger rec\u00e9m-nascidos da bronquiolite"},"content":{"rendered":"<p>A Prefeitura de Belo Horizonte refor\u00e7a a convoca\u00e7\u00e3o para que gestantes, a partir da 28\u00aa semana de gravidez, recebam a vacina contra o V\u00edrus Sincicial Respirat\u00f3rio (VSR), principal causador da bronquiolite em rec\u00e9m-nascidos. O imunizante \u00e9 aplicado em dose \u00fanica, com recomenda\u00e7\u00e3o de nova imuniza\u00e7\u00e3o a cada gesta\u00e7\u00e3o, e est\u00e1 dispon\u00edvel nos 153 centros de sa\u00fade, no Servi\u00e7o de Aten\u00e7\u00e3o \u00e0 Sa\u00fade do Viajante e em postos extras. Os endere\u00e7os podem ser verificados <a href=\"https:\/\/prefeitura.pbh.gov.br\/saude\/vacinacao-virus-sincicial-respiratorio\" target=\"_blank\" rel=\"nofollow noopener\"><strong>on-line<\/strong><\/a>.<\/p>\n<p>Desde o in\u00edcio da campanha, em 5 de dezembro, foram aplicadas cerca de 4,4 mil doses da vacina contra o VSR em gestantes na capital. \u201cA vacina\u00e7\u00e3o das gr\u00e1vidas antes da chegada do per\u00edodo de sazonalidade das doen\u00e7as respirat\u00f3rias \u00e9 muito importante para garantir a prote\u00e7\u00e3o dos beb\u00eas desde o nascimento, ajudando a evitar casos graves e interna\u00e7\u00f5es por bronquiolite nos primeiros meses de vida\u201d, destacou a subsecret\u00e1ria de Promo\u00e7\u00e3o e Vigil\u00e2ncia \u00e0 Sa\u00fade, Thaysa Drummond.<\/p>\n<p>Para receber a vacina contra o V\u00edrus Sincicial Respirat\u00f3rio (VSR), \u00e9 necess\u00e1rio apresentar documento que comprove a idade gestacional, como cart\u00e3o da gestante, cart\u00e3o de pr\u00e9-natal, exames ou relat\u00f3rios m\u00e9dicos, ou de outro profissional de sa\u00fade de n\u00edvel superior. Tamb\u00e9m \u00e9 preciso apresentar documento de identifica\u00e7\u00e3o com foto e a caderneta de vacina\u00e7\u00e3o.<\/p>\n<p><strong>Outros imunizantes<\/strong><\/p>\n<p>O calend\u00e1rio vacinal do SUS tamb\u00e9m oferece outros imunizantes para gestantes, como as vacinas contra a gripe, a covid-19 e a dTpa, que protege contra difteria, t\u00e9tano e coqueluche. A orienta\u00e7\u00e3o da Secretaria Municipal de Sa\u00fade \u00e9 que as gr\u00e1vidas mantenham esses imunizantes em dia.<\/p>\n<p>Para verificar a situa\u00e7\u00e3o vacinal, basta procurar um dos <a href=\"https:\/\/prefeitura.pbh.gov.br\/saude\/informacoes\/atencao-a-saude\/atencao-primaria\/centro-de-saude\" target=\"_blank\" rel=\"nofollow noopener\"><strong>153 centros de sa\u00fade<\/strong><\/a> da capital ou o <a href=\"https:\/\/prefeitura.pbh.gov.br\/saude\/informacoes\/atencao-a-saude\/saude-do-viajante\" target=\"_blank\" rel=\"nofollow noopener\"><strong>Servi\u00e7o de Aten\u00e7\u00e3o \u00e0 Sa\u00fade do Viajante<\/strong><\/a>.<\/p>\n","protected":false},"excerpt":{"rendered":"A Prefeitura de Belo Horizonte refor\u00e7a a convoca\u00e7\u00e3o para que gestantes, a partir da 28\u00aa semana de gravidez,&hellip;\n","protected":false},"author":2,"featured_media":228782,"comment_status":"","ping_status":"","sticky":false,"template":"","format":"standard","meta":{"footnotes":""},"categories":[86],"tags":[116,2092,2093,32,2091,2094,33,117],"class_list":{"0":"post-228781","1":"post","2":"type-post","3":"status-publish","4":"format-standard","5":"has-post-thumbnail","7":"category-saude","8":"tag-health","9":"tag-pbh","10":"tag-portal-pbh","11":"tag-portugal","12":"tag-prefeitura-de-belo-horizonte","13":"tag-prefeitura-pbh-gov-br","14":"tag-pt","15":"tag-saude"},"share_on_mastodon":{"url":"https:\/\/pubeurope.com\/@pt\/115895013352969437","error":""},"_links":{"self":[{"href":"https:\/\/www.europesays.com\/pt\/wp-json\/wp\/v2\/posts\/228781","targetHints":{"allow":["GET"]}}],"collection":[{"href":"https:\/\/www.europesays.com\/pt\/wp-json\/wp\/v2\/posts"}],"about":[{"href":"https:\/\/www.europesays.com\/pt\/wp-json\/wp\/v2\/types\/post"}],"author":[{"embeddable":true,"href":"https:\/\/www.europesays.com\/pt\/wp-json\/wp\/v2\/users\/2"}],"replies":[{"embeddable":true,"href":"https:\/\/www.europesays.com\/pt\/wp-json\/wp\/v2\/comments?post=228781"}],"version-history":[{"count":0,"href":"https:\/\/www.europesays.com\/pt\/wp-json\/wp\/v2\/posts\/228781\/revisions"}],"wp:featuredmedia":[{"embeddable":true,"href":"https:\/\/www.europesays.com\/pt\/wp-json\/wp\/v2\/media\/228782"}],"wp:attachment":[{"href":"https:\/\/www.europesays.com\/pt\/wp-json\/wp\/v2\/media?parent=228781"}],"wp:term":[{"taxonomy":"category","embeddable":true,"href":"https:\/\/www.europesays.com\/pt\/wp-json\/wp\/v2\/categories?post=228781"},{"taxonomy":"post_tag","embeddable":true,"href":"https:\/\/www.europesays.com\/pt\/wp-json\/wp\/v2\/tags?post=228781"}],"curies":[{"name":"wp","href":"https:\/\/api.w.org\/{rel}","templated":true}]}}