{"id":228785,"date":"2026-01-14T19:08:09","date_gmt":"2026-01-14T19:08:09","guid":{"rendered":"https:\/\/www.europesays.com\/pt\/228785\/"},"modified":"2026-01-14T19:08:09","modified_gmt":"2026-01-14T19:08:09","slug":"o-emblematico-comboio-vermelho-de-chamonix","status":"publish","type":"post","link":"https:\/\/www.europesays.com\/pt\/228785\/","title":{"rendered":"o emblem\u00e1tico comboio vermelho de Chamonix"},"content":{"rendered":"<p><strong>Uma viagem agrad\u00e1vel e panor\u00e2mica<\/strong><\/p>\n<p>A viagem no comboio de Montenvers come\u00e7a na esta\u00e7\u00e3o central de Chamonix, a <strong>Gare du Montenvers, <\/strong>localizada a poucos minutos a p\u00e9 das ruas principais. O embarque \u00e9 simples: bilhetes verificados, portas abertas e cada passageiro escolhe o seu lugar nas carruagens vermelhas, que mant\u00eam o estilo tradicional, mas est\u00e3o bem conservadas. O trajeto \u00e9 direto, sem paragens interm\u00e9dias para passageiros.<\/p>\n<p>O comboio arranca devagar e mant\u00e9m uma velocidade constante durante toda a subida. Como funciona com cremalheira (um terceiro carril dentado), n\u00e3o h\u00e1 acelera\u00e7\u00f5es bruscas nem solavancos. A inclina\u00e7\u00e3o \u00e9 acentuada em v\u00e1rios trechos e isso permite ter uma no\u00e7\u00e3o clara da diferen\u00e7a de altitude entre o vale e o planalto de Montenvers. Durante o percurso, o comboio atravessa zonas de floresta, passa por t\u00faneis curtos e por sec\u00e7\u00f5es onde o vale fica totalmente vis\u00edvel. Em alguns momentos \u00e9 poss\u00edvel identificar Chamonix, as pistas de esqui e parte do maci\u00e7o do Mont Blanc.<\/p>\n<p>A viagem dura cerca de vinte minutos \u00a0e termina a 1.913 metros de altitude (veja o v\u00eddeo\u00a0em baixo para ficar com uma ideia do percurso).<\/p>\n<p>Ao sair da carruagem, a primeira coisa que se nota \u00e9 a diferen\u00e7a de temperatura e a amplitude da paisagem. A esta\u00e7\u00e3o de Montenvers est\u00e1 organizada de forma pr\u00e1tica:\u00a0<strong>h\u00e1 pain\u00e9is informativos sobre o Mer de Glace (Mar de Gelo), mapas dos trilhos e indica\u00e7\u00f5es para o Glaciorium, para o telef\u00e9rico que desce at\u00e9 \u00e0 Grotte de Glace (gruta de gelo) e para os v\u00e1rios miradouros.<\/strong><\/p>\n<p>A vista para a Mer de Glace, o maior glaciar de Fran\u00e7a, \u00e9 o ponto central da visita. O glaciar \u00e9 vis\u00edvel logo a partir da plataforma principal, e h\u00e1 informa\u00e7\u00f5es sobre a sua evolu\u00e7\u00e3o ao longo das d\u00e9cadas, incluindo marca\u00e7\u00f5es que mostram o n\u00edvel do gelo em diferentes anos, ajudando a perceber a dimens\u00e3o da retra\u00e7\u00e3o do glaciar.<\/p>\n<p>As vistas sobre o mar de gelo e sobre os picos circundantes, como os Drus e as Grandes Jorasses, impressionam. O glaciar n\u00e3o \u00e9 apenas uma mancha branca; tem tons de cinzento, azul e fendas profundas que se percebem mesmo \u00e0 dist\u00e2ncia. O ambiente \u00e9 sereno e menos saturado do que noutros pontos tur\u00edsticos dos Alpes, o que torna a experi\u00eancia ainda mais especial.<\/p>\n<p>O Glaciorium apresenta explica\u00e7\u00f5es sobre a forma\u00e7\u00e3o dos glaciares, o movimento do gelo e o impacto das altera\u00e7\u00f5es clim\u00e1ticas. \u00c9 uma visita r\u00e1pida, mas \u00fatil para contextualizar o que se v\u00ea l\u00e1 fora. A descida at\u00e9 \u00e0 Grotte de Glace faz\u2011se por telef\u00e9rico e depois por escadas. A quantidade de degraus varia todos os anos, porque depende da altura do glaciar. Dentro da gruta, o gelo \u00e9 iluminado e h\u00e1 pequenos corredores escavados manualmente, que permitem observar as camadas internas.<\/p>\n<p>Al\u00e9m das atra\u00e7\u00f5es principais, Montenvers tem trilhos bem sinalizados para quem gosta de caminhar. Alguns levam de volta a Chamonix, outros seguem em dire\u00e7\u00e3o ao Plan de l\u2019Aiguille. S\u00e3o percursos de dificuldade vari\u00e1vel, mas todos come\u00e7am junto \u00e0 esta\u00e7\u00e3o, o que facilita a organiza\u00e7\u00e3o da visita. \u00c9 importante que quem for percorrer estes trilhos no inverno venha bem preparado e com cal\u00e7ado adequado para enfrentar o frio e o terreno gelado.<\/p>\n<p>\t\t<img decoding=\"async\" src=\"https:\/\/www.europesays.com\/pt\/wp-content\/uploads\/2026\/01\/1768417689_524_thumbs.web.sapo.io.webp\"  alt=\"Mer de Glace\" loading=\"true\"\/><\/p>\n<p>      Mer de Glace<br \/>\n      Cr\u00e9ditos: The Travellight World<\/p>\n","protected":false},"excerpt":{"rendered":"Uma viagem agrad\u00e1vel e panor\u00e2mica A viagem no comboio de Montenvers come\u00e7a na esta\u00e7\u00e3o central de Chamonix, a&hellip;\n","protected":false},"author":2,"featured_media":228786,"comment_status":"","ping_status":"","sticky":false,"template":"","format":"standard","meta":{"footnotes":""},"categories":[50],"tags":[27,28,15,16,14,25,26,21,22,62,12,13,19,20,23,24,17,18,29,30,31,63,64,65],"class_list":{"0":"post-228785","1":"post","2":"type-post","3":"status-publish","4":"format-standard","5":"has-post-thumbnail","7":"category-mundo","8":"tag-breaking-news","9":"tag-breakingnews","10":"tag-featured-news","11":"tag-featurednews","12":"tag-headlines","13":"tag-latest-news","14":"tag-latestnews","15":"tag-main-news","16":"tag-mainnews","17":"tag-mundo","18":"tag-news","19":"tag-noticias","20":"tag-noticias-principais","21":"tag-noticiasprincipais","22":"tag-principais-noticias","23":"tag-principaisnoticias","24":"tag-top-stories","25":"tag-topstories","26":"tag-ultimas","27":"tag-ultimas-noticias","28":"tag-ultimasnoticias","29":"tag-world","30":"tag-world-news","31":"tag-worldnews"},"share_on_mastodon":{"url":"https:\/\/pubeurope.com\/@pt\/115895029222397461","error":""},"_links":{"self":[{"href":"https:\/\/www.europesays.com\/pt\/wp-json\/wp\/v2\/posts\/228785","targetHints":{"allow":["GET"]}}],"collection":[{"href":"https:\/\/www.europesays.com\/pt\/wp-json\/wp\/v2\/posts"}],"about":[{"href":"https:\/\/www.europesays.com\/pt\/wp-json\/wp\/v2\/types\/post"}],"author":[{"embeddable":true,"href":"https:\/\/www.europesays.com\/pt\/wp-json\/wp\/v2\/users\/2"}],"replies":[{"embeddable":true,"href":"https:\/\/www.europesays.com\/pt\/wp-json\/wp\/v2\/comments?post=228785"}],"version-history":[{"count":0,"href":"https:\/\/www.europesays.com\/pt\/wp-json\/wp\/v2\/posts\/228785\/revisions"}],"wp:featuredmedia":[{"embeddable":true,"href":"https:\/\/www.europesays.com\/pt\/wp-json\/wp\/v2\/media\/228786"}],"wp:attachment":[{"href":"https:\/\/www.europesays.com\/pt\/wp-json\/wp\/v2\/media?parent=228785"}],"wp:term":[{"taxonomy":"category","embeddable":true,"href":"https:\/\/www.europesays.com\/pt\/wp-json\/wp\/v2\/categories?post=228785"},{"taxonomy":"post_tag","embeddable":true,"href":"https:\/\/www.europesays.com\/pt\/wp-json\/wp\/v2\/tags?post=228785"}],"curies":[{"name":"wp","href":"https:\/\/api.w.org\/{rel}","templated":true}]}}