{"id":228789,"date":"2026-01-14T19:10:45","date_gmt":"2026-01-14T19:10:45","guid":{"rendered":"https:\/\/www.europesays.com\/pt\/228789\/"},"modified":"2026-01-14T19:10:45","modified_gmt":"2026-01-14T19:10:45","slug":"padre-guilherme-enfrenta-criticas-ao-atuar-em-discoteca-no-libano-se-nao-se-sentem-confortaveis-com-o-que-faco-rezem-por-mim-expresso","status":"publish","type":"post","link":"https:\/\/www.europesays.com\/pt\/228789\/","title":{"rendered":"Padre Guilherme enfrenta cr\u00edticas ao atuar em discoteca no L\u00edbano: \u201cSe n\u00e3o se sentem confort\u00e1veis com o que fa\u00e7o, rezem por mim\u201d &#8211; Expresso"},"content":{"rendered":"<ol>\n<li><a href=\"https:\/\/news.google.com\/rss\/articles\/CBMi_wFBVV95cUxNR05mREVLcDFfU2laMFQyVmk3MkVpSHVkUFJoUmY0d3lyb1BtMGVGY0pnV0k0ak1KZWJybjh5VVBnVWdRaFVXd2ZEOEdJT1o5VkFnM3U4dndoTlBNZmNPcF90bDJlUEw1ZWd0YkFjYXY5V2RXelVIUEFBR1lsTTRRWmxYcTlrTHRHT3M4VTBISnh6YW1vU2Yyd1h6a01mdm9lbW5tZHZmenVmaGFOYVd3SjJqUEhkbDZBSU9RRDhleWtDdlczTW1HUk9kQ2MzOWdNU2s3bUhSWHh5SnVIdlRLYU0xWC1WOGh6dVJDdk02Z1BNamZBb3hVdXFlQXppSDTSAYQCQVVfeXFMUGZvQmxpUXBYM2ZtY3l0VW9Gd0tOM21rZkltZDhUMExNbEswVU9VaWltbE9Zbkh3T0hLQzhPVUxKNFhrcUFEVEw1QzFoSkZSV1F3UlY0ak9wT0h2N1Z5Zm1LbnpNdFlqUDI5aVBtMWhlN1F5LWJmcGlELTdGUS1qQzM3eTNIQXZaTTJtY1dCdTEzTzFwTnpjQVlzenNOc05QOWNEN1p2ZGtXand1blY0cWczcjdWXzM1bDFzdkU2Tk1Na2d2cUtJazJhb2tKSDZGSFNmeDdMSEtlYkNJOXB4bG1tTVlxdUtURlNhVV9LNk1xdFRIUlpfdUZuTkh1ckJBZHVoOEQ?oc=5\" target=\"_blank\" rel=\"nofollow noopener\">Padre Guilherme enfrenta cr\u00edticas ao atuar em discoteca no L\u00edbano: \u201cSe n\u00e3o se sentem confort\u00e1veis com o que fa\u00e7o, rezem por mim\u201d<\/a>&nbsp;&nbsp;Expresso<\/li>\n<li><a href=\"https:\/\/news.google.com\/rss\/articles\/CBMipwFBVV95cUxNUVRudWFVcThXWU5NZHZ4OTRoZUk4UWVsN3lNTS1OdWwyRGhDMW1pRXVmUDBRcHREb1hzMGJ1MGRqOGJRdjBvc2JJWlVvaTBFVS1MLVV3c2NZdm9CdENwaDVDQzNzdGZOb2VZUm1VMGhuT1lhVFlYdERLUjlkTl9GTmlVajg5eE8zV3NzUVY4RmZsNV8yTENVSkpERHhMdVZtcTJIZ1hKUQ?oc=5\" target=\"_blank\" rel=\"nofollow noopener\">Guilherme Peixoto, o padre DJ portugu\u00eas que enche igrejas e discotecas<\/a>&nbsp;&nbsp;Euronews.com<\/li>\n<li><a href=\"https:\/\/news.google.com\/rss\/articles\/CBMiwAFBVV95cUxPTHFJVVA0eFRBY2M2V1RYV2tGcE9FRTRMVmVEQmIxU0F3dmRTZW5nZmFLV3lkSGJMcWozLUR4SkRoZ1ZHVzNCczlPNk5KUGtDSGVvTS1YMGNzbVlfWEp6aEJXMzhfLTFrbjI0ZE9iNFJpYUJHTFN4eW5OYVZjT3VzczRMZWtIdTJ2NFZScUpDclBnUnJqQlczQ1p4cXFBRVdYWnFPRXJQYkhJclZ2MHlhb1FyY2pPZThIODBIZDNFZTnSAbIBQVVfeXFMT1FtYXlRMVZjd3F0SjNaSDk5bkhpUzRwWXJMTVdWcTA5bEI5Tm5BbkRzcEdKTTNOZFBnSjFFX2NPdFp2OTZVVU9QZXNYaUhCNWs5WlFKdk1rZFU5aDdidGRmVktIUnpiOHBLaEhZMnh2SElGeXphZm40MWRYZ3dqMXFuQy14WGNGU2IyWWplLUV5SDlsdFc1ZkczTWpzYkxUaHNDc2s0N1haeTlvMmJPYnNEdw?oc=5\" target=\"_blank\" rel=\"nofollow noopener\">Padre Guilherme leva a f\u00e9 \u00e0 pista de dan\u00e7a em Beirute e divide opini\u00f5es no L\u00edbano<\/a>&nbsp;&nbsp;Jornal de Not\u00edcias<\/li>\n<li><a href=\"https:\/\/news.google.com\/rss\/articles\/CBMiekFVX3lxTE44cldvTEFCWjU0dTkxTHFjcDBzRTFNZFpESThoVVkwcEd2c0R3YUptZ21NWUlqdGk1NDJ1Z3U4MlZvd09YZDVjT2tUdVZpR2I5dG1PSGY5SkREN05NOURndFRIZUxGYW1hMjBWMnYyMHB6ajhFYkszOXd3?oc=5\" target=\"_blank\" rel=\"nofollow noopener\">Padre Guilherme provoca pol\u00e9mica no L\u00edbano<\/a>&nbsp;&nbsp;bomdia.eu<\/li>\n<li><a href=\"https:\/\/news.google.com\/rss\/articles\/CBMinAFBVV95cUxPN1FLdVdRcFdZaXdXT0xlcWUxendmcEFfRWxsT19rUWZia1k0WjNVVm5XMmhBVTQtOUFCazVaWUNJbEV0Ujdhajh1ckxxUksxcGV6QzdSbHNhamJmNmlxQVB2TENFQmVFNk9LRzlxN21QN3BVOG5ocEE5ZW9waGhtNE1MbzcyX0laeDlVZWZpdmpMdFdmdWZOZFlFVS0?oc=5\" target=\"_blank\" rel=\"nofollow noopener\">Padre Guilherme deu \u2018show\u2019 no L\u00edbano com apelo \u00e0 paz (apesar da pol\u00e9mica no pa\u00eds)<\/a>&nbsp;&nbsp;O Minho<\/li>\n<\/ol>\n","protected":false},"excerpt":{"rendered":"Padre Guilherme enfrenta cr\u00edticas ao atuar em discoteca no L\u00edbano: \u201cSe n\u00e3o se sentem confort\u00e1veis com o que&hellip;\n","protected":false},"author":2,"featured_media":225042,"comment_status":"","ping_status":"","sticky":false,"template":"","format":"standard","meta":{"footnotes":""},"categories":[8],"tags":[27,28,15,16,14,25,26,21,22,12,13,19,20,32,23,24,33,17,18,29,30,31],"class_list":{"0":"post-228789","1":"post","2":"type-post","3":"status-publish","4":"format-standard","5":"has-post-thumbnail","7":"category-principais-noticias","8":"tag-breaking-news","9":"tag-breakingnews","10":"tag-featured-news","11":"tag-featurednews","12":"tag-headlines","13":"tag-latest-news","14":"tag-latestnews","15":"tag-main-news","16":"tag-mainnews","17":"tag-news","18":"tag-noticias","19":"tag-noticias-principais","20":"tag-noticiasprincipais","21":"tag-portugal","22":"tag-principais-noticias","23":"tag-principaisnoticias","24":"tag-pt","25":"tag-top-stories","26":"tag-topstories","27":"tag-ultimas","28":"tag-ultimas-noticias","29":"tag-ultimasnoticias"},"share_on_mastodon":{"url":"https:\/\/pubeurope.com\/@pt\/115895040927633619","error":""},"_links":{"self":[{"href":"https:\/\/www.europesays.com\/pt\/wp-json\/wp\/v2\/posts\/228789","targetHints":{"allow":["GET"]}}],"collection":[{"href":"https:\/\/www.europesays.com\/pt\/wp-json\/wp\/v2\/posts"}],"about":[{"href":"https:\/\/www.europesays.com\/pt\/wp-json\/wp\/v2\/types\/post"}],"author":[{"embeddable":true,"href":"https:\/\/www.europesays.com\/pt\/wp-json\/wp\/v2\/users\/2"}],"replies":[{"embeddable":true,"href":"https:\/\/www.europesays.com\/pt\/wp-json\/wp\/v2\/comments?post=228789"}],"version-history":[{"count":0,"href":"https:\/\/www.europesays.com\/pt\/wp-json\/wp\/v2\/posts\/228789\/revisions"}],"wp:featuredmedia":[{"embeddable":true,"href":"https:\/\/www.europesays.com\/pt\/wp-json\/wp\/v2\/media\/225042"}],"wp:attachment":[{"href":"https:\/\/www.europesays.com\/pt\/wp-json\/wp\/v2\/media?parent=228789"}],"wp:term":[{"taxonomy":"category","embeddable":true,"href":"https:\/\/www.europesays.com\/pt\/wp-json\/wp\/v2\/categories?post=228789"},{"taxonomy":"post_tag","embeddable":true,"href":"https:\/\/www.europesays.com\/pt\/wp-json\/wp\/v2\/tags?post=228789"}],"curies":[{"name":"wp","href":"https:\/\/api.w.org\/{rel}","templated":true}]}}