{"id":228794,"date":"2026-01-14T19:14:09","date_gmt":"2026-01-14T19:14:09","guid":{"rendered":"https:\/\/www.europesays.com\/pt\/228794\/"},"modified":"2026-01-14T19:14:09","modified_gmt":"2026-01-14T19:14:09","slug":"eleicoes-presidenciais-mudam-planos-na-tvi-e-gala-da-1a-companhia-e-antecipada","status":"publish","type":"post","link":"https:\/\/www.europesays.com\/pt\/228794\/","title":{"rendered":"Elei\u00e7\u00f5es Presidenciais mudam planos na TVI e gala da 1\u00aa Companhia \u00e9 antecipada"},"content":{"rendered":"<p>No domingo, dia 18 de janeiro, os cidad\u00e3os portugueses regressam \u00e0s urnas para decidir quem ocupar\u00e1 o cargo de Presidente da Rep\u00fablica, sucedendo a Marcelo Rebelo de Sousa.<\/p>\n<p>A <a href=\"https:\/\/www.cne.pt\/content\/eleicao-para-o-presidente-da-republica-2026\" target=\"_blank\" rel=\"noopener nofollow\">corrida eleitoral<\/a> conta com 11 nomes que ambicionam o mais alto cargo do pa\u00eds: Andr\u00e9 Pestana, Jorge Pinto, Manuel Jo\u00e3o Vieira, Catarina Martins, Jo\u00e3o Cotrim de Figueiredo, Humberto Correia, Ant\u00f3nio Jos\u00e9 Seguro, Marques Mendes, Andr\u00e9 Ventura, Ant\u00f3nio Filipe e Henrique Gouveia e Melo.<\/p>\n<p>Este que \u00e9 considerado um dos atos eleitorais mais importantes dos \u00faltimos 40 anos vai obrigar a altera\u00e7\u00f5es na grelha da <a href=\"https:\/\/www.atelevisao.com\/tvi\/\" rel=\"nofollow noopener\" target=\"_blank\">TVI<\/a>.<\/p>\n<p>Segundo informa\u00e7\u00e3o partilhada pela esta\u00e7\u00e3o, a quarta gala da \u201c<strong>1\u00aa Companhia<\/strong>\u201c, apresentada por Maria Botelho Moniz, vai ser transmitida no pr\u00f3ximo s\u00e1bado, 17 de janeiro, ap\u00f3s o \u201c<strong>Jornal Nacional<\/strong>\u201d. Assim, a noite de domingo ficar\u00e1 dedicada em exclusivo \u00e0 emiss\u00e3o especial que acompanhar\u00e1 o desenrolar e os resultados das Presidenciais 2026.<\/p>\n","protected":false},"excerpt":{"rendered":"No domingo, dia 18 de janeiro, os cidad\u00e3os portugueses regressam \u00e0s urnas para decidir quem ocupar\u00e1 o cargo&hellip;\n","protected":false},"author":2,"featured_media":228795,"comment_status":"","ping_status":"","sticky":false,"template":"","format":"standard","meta":{"footnotes":""},"categories":[142],"tags":[114,115,32,33,151],"class_list":{"0":"post-228794","1":"post","2":"type-post","3":"status-publish","4":"format-standard","5":"has-post-thumbnail","7":"category-tv","8":"tag-entertainment","9":"tag-entretenimento","10":"tag-portugal","11":"tag-pt","12":"tag-tv"},"share_on_mastodon":{"url":"https:\/\/pubeurope.com\/@pt\/115895052856972139","error":""},"_links":{"self":[{"href":"https:\/\/www.europesays.com\/pt\/wp-json\/wp\/v2\/posts\/228794","targetHints":{"allow":["GET"]}}],"collection":[{"href":"https:\/\/www.europesays.com\/pt\/wp-json\/wp\/v2\/posts"}],"about":[{"href":"https:\/\/www.europesays.com\/pt\/wp-json\/wp\/v2\/types\/post"}],"author":[{"embeddable":true,"href":"https:\/\/www.europesays.com\/pt\/wp-json\/wp\/v2\/users\/2"}],"replies":[{"embeddable":true,"href":"https:\/\/www.europesays.com\/pt\/wp-json\/wp\/v2\/comments?post=228794"}],"version-history":[{"count":0,"href":"https:\/\/www.europesays.com\/pt\/wp-json\/wp\/v2\/posts\/228794\/revisions"}],"wp:featuredmedia":[{"embeddable":true,"href":"https:\/\/www.europesays.com\/pt\/wp-json\/wp\/v2\/media\/228795"}],"wp:attachment":[{"href":"https:\/\/www.europesays.com\/pt\/wp-json\/wp\/v2\/media?parent=228794"}],"wp:term":[{"taxonomy":"category","embeddable":true,"href":"https:\/\/www.europesays.com\/pt\/wp-json\/wp\/v2\/categories?post=228794"},{"taxonomy":"post_tag","embeddable":true,"href":"https:\/\/www.europesays.com\/pt\/wp-json\/wp\/v2\/tags?post=228794"}],"curies":[{"name":"wp","href":"https:\/\/api.w.org\/{rel}","templated":true}]}}