{"id":228805,"date":"2026-01-14T19:22:09","date_gmt":"2026-01-14T19:22:09","guid":{"rendered":"https:\/\/www.europesays.com\/pt\/228805\/"},"modified":"2026-01-14T19:22:09","modified_gmt":"2026-01-14T19:22:09","slug":"ucrania-onu-precisa-de-23-mil-milhoes-de-dolares-para-apoio-humanitario","status":"publish","type":"post","link":"https:\/\/www.europesays.com\/pt\/228805\/","title":{"rendered":"Ucr\u00e2nia. ONU precisa de 2,3 mil milh\u00f5es de d\u00f3lares para apoio humanit\u00e1rio"},"content":{"rendered":"<p>                As Na\u00e7\u00f5es Unidas revelaram esta ter\u00e7a-feira que o Gabinete da ONU para a Coordena\u00e7\u00e3o dos Assuntos Humanit\u00e1rios na Ucr\u00e2nia (ENUCAH Ucr\u00e2nia) precisa de 2,3 mil milh\u00f5es de d\u00f3lares (1,9 mil milh\u00f5es de euros) para trabalho humanit\u00e1rio no pa\u00eds.<\/p>\n<p><b>&#13;<br \/>\nOs principais alvos da ajuda s\u00e3o os residentes de localidades de alto risco de ataques, deslocados, idosos e pessoas com mobilidade reduzida<\/b>.<\/p>\n<blockquote class=\"twitter-tweet\"><p>&#13;<\/p>\n<p lang=\"en\" dir=\"ltr\">&#13;<br \/>\n\tEntering fifth year since the full-scale invasion, <a href=\"https:\/\/twitter.com\/hashtag\/Ukraine?src=hash&amp;ref_src=twsrc%5Etfw\" rel=\"nofollow noopener\" target=\"_blank\">#Ukraine<\/a>\u2019s humanitarian crisis remains acute: front-line suffering, ongoing displacement, continued strikes and deepening needs for the most vulnerable.<\/p>\n<p>Together, we can help\ud83d\udc49<a href=\"https:\/\/t.co\/NeQOZZJvJu\" rel=\"nofollow\">https:\/\/t.co\/NeQOZZJvJu<\/a><a href=\"https:\/\/twitter.com\/hashtag\/UkraineHumanitarianAid?src=hash&amp;ref_src=twsrc%5Etfw\" rel=\"nofollow noopener\" target=\"_blank\">#UkraineHumanitarianAid<\/a> <a href=\"https:\/\/t.co\/WZ44qJSylb\" rel=\"nofollow\">pic.twitter.com\/WZ44qJSylb<\/a>&#13;\n\t<\/p>\n<p>&#13;<br \/>\n\t\u2014 OCHA Ukraine (@OCHA_Ukraine) <a href=\"https:\/\/twitter.com\/OCHA_Ukraine\/status\/2011038830405833167?ref_src=twsrc%5Etfw\" rel=\"nofollow noopener\" target=\"_blank\">January 13, 2026<\/a>&#13;\n<\/p><\/blockquote>\n<p>\nO coordenador humanit\u00e1rio da ONU na Ucr\u00e2nia, Matthias Schmale, real\u00e7ou o \u201ctrabalho heroico\u201d dos trabalhadores humanit\u00e1rios no terreno e acrescentou que, apesar da limita\u00e7\u00e3o de recursos, foi poss\u00edvel \u201calcan\u00e7ar\u201d os objetivos da institui\u00e7\u00e3o.<br \/>\n          <img decoding=\"async\" itemprop=\"image\" class=\"img-fluid\"   src=\"https:\/\/www.europesays.com\/pt\/wp-content\/uploads\/2026\/01\/9f2594840815dc3211b7be6fca02bf81.jpeg\"\/><\/p>\n<p>Jornal da Tarde | 14 de janeiro de 2026<br \/>&#13;<\/p>\n<p>\nA guerra na Ucr\u00e2nia est\u00e1 a entrar no quarto ano. Alvo de uma invas\u00e3o em larga escala desencadeada a 24 de fevereiro de 2022, <b>o pa\u00eds sofreu, s\u00f3 na semana passada, de mais de dois mil ataques, mil destes com drones e um com m\u00edsseis bal\u00edsticos, como o Oreshnik, capaz de atingir as principais capitais europeias em menos de 20 minutos<\/b>.2025 foi o ano mais mortal desde o in\u00edcio da guerra, com mais de 2500 mortos e mais de 12 mil feridos.<br \/>&#13;<\/p>\n<p><b>A Ucr\u00e2nia tamb\u00e9m tem passado por uma vaga de frio, com temperaturas de 15 graus negativos e muitas falhas na eletricidade<\/b>, devido aos ataques.&#13;\n            <\/p>\n<p><script async src=\"https:\/\/platform.twitter.com\/widgets.js\" charset=\"utf-8\"><\/script><\/p>\n","protected":false},"excerpt":{"rendered":"As Na\u00e7\u00f5es Unidas revelaram esta ter\u00e7a-feira que o Gabinete da ONU para a Coordena\u00e7\u00e3o dos Assuntos Humanit\u00e1rios na&hellip;\n","protected":false},"author":2,"featured_media":228806,"comment_status":"","ping_status":"","sticky":false,"template":"","format":"standard","meta":{"footnotes":""},"categories":[50],"tags":[27,28,15,16,830,14,25,26,21,22,62,12,13,19,20,910,23,24,839,17,18,840,29,30,31,63,64,65],"class_list":{"0":"post-228805","1":"post","2":"type-post","3":"status-publish","4":"format-standard","5":"has-post-thumbnail","7":"category-mundo","8":"tag-breaking-news","9":"tag-breakingnews","10":"tag-featured-news","11":"tag-featurednews","12":"tag-guerra","13":"tag-headlines","14":"tag-latest-news","15":"tag-latestnews","16":"tag-main-news","17":"tag-mainnews","18":"tag-mundo","19":"tag-news","20":"tag-noticias","21":"tag-noticias-principais","22":"tag-noticiasprincipais","23":"tag-onu","24":"tag-principais-noticias","25":"tag-principaisnoticias","26":"tag-russia","27":"tag-top-stories","28":"tag-topstories","29":"tag-ucrania","30":"tag-ultimas","31":"tag-ultimas-noticias","32":"tag-ultimasnoticias","33":"tag-world","34":"tag-world-news","35":"tag-worldnews"},"share_on_mastodon":{"url":"https:\/\/pubeurope.com\/@pt\/115895084236835487","error":""},"_links":{"self":[{"href":"https:\/\/www.europesays.com\/pt\/wp-json\/wp\/v2\/posts\/228805","targetHints":{"allow":["GET"]}}],"collection":[{"href":"https:\/\/www.europesays.com\/pt\/wp-json\/wp\/v2\/posts"}],"about":[{"href":"https:\/\/www.europesays.com\/pt\/wp-json\/wp\/v2\/types\/post"}],"author":[{"embeddable":true,"href":"https:\/\/www.europesays.com\/pt\/wp-json\/wp\/v2\/users\/2"}],"replies":[{"embeddable":true,"href":"https:\/\/www.europesays.com\/pt\/wp-json\/wp\/v2\/comments?post=228805"}],"version-history":[{"count":0,"href":"https:\/\/www.europesays.com\/pt\/wp-json\/wp\/v2\/posts\/228805\/revisions"}],"wp:featuredmedia":[{"embeddable":true,"href":"https:\/\/www.europesays.com\/pt\/wp-json\/wp\/v2\/media\/228806"}],"wp:attachment":[{"href":"https:\/\/www.europesays.com\/pt\/wp-json\/wp\/v2\/media?parent=228805"}],"wp:term":[{"taxonomy":"category","embeddable":true,"href":"https:\/\/www.europesays.com\/pt\/wp-json\/wp\/v2\/categories?post=228805"},{"taxonomy":"post_tag","embeddable":true,"href":"https:\/\/www.europesays.com\/pt\/wp-json\/wp\/v2\/tags?post=228805"}],"curies":[{"name":"wp","href":"https:\/\/api.w.org\/{rel}","templated":true}]}}