{"id":228807,"date":"2026-01-14T19:23:11","date_gmt":"2026-01-14T19:23:11","guid":{"rendered":"https:\/\/www.europesays.com\/pt\/228807\/"},"modified":"2026-01-14T19:23:11","modified_gmt":"2026-01-14T19:23:11","slug":"dono-do-club-80-em-vila-do-conde-diz-que-nao-sabia-que-havia-sexo-no-espaco","status":"publish","type":"post","link":"https:\/\/www.europesays.com\/pt\/228807\/","title":{"rendered":"Dono do Club 80 em Vila do Conde diz que n\u00e3o sabia que havia sexo no espa\u00e7o"},"content":{"rendered":"<p data-remotead-prev-elm=\"true\" data-remotead-elm-id=\"inread\">O Club 80 j\u00e1 foi considerado uma das maiores casas de prostitui\u00e7\u00e3o da regi\u00e3o Norte. Mas Rui Sousa afirmou que aquelas mulheres, maioritariamente sul-americanas, &#8220;por regra, n\u00e3o podiam&#8221; fazer sexo com os clientes. &#8220;Se eu soubesse, mandava-as embora&#8221;, assegurou Rui Sousa, atualmente a trabalhar no setor da hotelaria.<\/p>\n<p>As declara\u00e7\u00f5es foram prestadas pelo arguido ap\u00f3s a sua deten\u00e7\u00e3o, em 2019, e reproduzidas esta quarta-feira no Tribunal de Matosinhos, uma vez que o empres\u00e1rio e os outros seis arguidos optaram pelo sil\u00eancio no arranque do julgamento.<\/p>\n<p>No primeiro interrogat\u00f3rio judicial, Rui Sousa alegou que &#8220;as mulheres iam e vinham [ao Club 80] quando lhes apetecia para fazer o alterne&#8221; e que desconhecia &#8220;se elas estavam ou n\u00e3o ilegais&#8221;. &#8220;N\u00e3o tinha o direito de lhes perguntar isso&#8221;, justificou-se.<\/p>\n<p>Quanto aos cerca de 550 mil euros que o agora extinto Servi\u00e7o de Estrangeiros e Fronteiras lhe apreendeu em casa, em Braga, o arguido explicou que era &#8220;o dinheiro da sua vida&#8221;. &#8220;H\u00e1 20 anos que trabalho todos os dias. N\u00e3o o coloquei em bancos porque n\u00e3o era todo declarado&#8221;, disse.<\/p>\n","protected":false},"excerpt":{"rendered":"O Club 80 j\u00e1 foi considerado uma das maiores casas de prostitui\u00e7\u00e3o da regi\u00e3o Norte. Mas Rui Sousa&hellip;\n","protected":false},"author":2,"featured_media":228808,"comment_status":"","ping_status":"","sticky":false,"template":"","format":"standard","meta":{"footnotes":""},"categories":[10],"tags":[27,28,15,16,14,603,25,26,21,22,12,13,19,20,32,23,24,17946,33,17,18,29,30,31,15104],"class_list":{"0":"post-228807","1":"post","2":"type-post","3":"status-publish","4":"format-standard","5":"has-post-thumbnail","7":"category-portugal","8":"tag-breaking-news","9":"tag-breakingnews","10":"tag-featured-news","11":"tag-featurednews","12":"tag-headlines","13":"tag-justica","14":"tag-latest-news","15":"tag-latestnews","16":"tag-main-news","17":"tag-mainnews","18":"tag-news","19":"tag-noticias","20":"tag-noticias-principais","21":"tag-noticiasprincipais","22":"tag-portugal","23":"tag-principais-noticias","24":"tag-principaisnoticias","25":"tag-prostituicao","26":"tag-pt","27":"tag-top-stories","28":"tag-topstories","29":"tag-ultimas","30":"tag-ultimas-noticias","31":"tag-ultimasnoticias","32":"tag-vila-do-conde"},"share_on_mastodon":{"url":"https:\/\/pubeurope.com\/@pt\/115895088227823176","error":""},"_links":{"self":[{"href":"https:\/\/www.europesays.com\/pt\/wp-json\/wp\/v2\/posts\/228807","targetHints":{"allow":["GET"]}}],"collection":[{"href":"https:\/\/www.europesays.com\/pt\/wp-json\/wp\/v2\/posts"}],"about":[{"href":"https:\/\/www.europesays.com\/pt\/wp-json\/wp\/v2\/types\/post"}],"author":[{"embeddable":true,"href":"https:\/\/www.europesays.com\/pt\/wp-json\/wp\/v2\/users\/2"}],"replies":[{"embeddable":true,"href":"https:\/\/www.europesays.com\/pt\/wp-json\/wp\/v2\/comments?post=228807"}],"version-history":[{"count":0,"href":"https:\/\/www.europesays.com\/pt\/wp-json\/wp\/v2\/posts\/228807\/revisions"}],"wp:featuredmedia":[{"embeddable":true,"href":"https:\/\/www.europesays.com\/pt\/wp-json\/wp\/v2\/media\/228808"}],"wp:attachment":[{"href":"https:\/\/www.europesays.com\/pt\/wp-json\/wp\/v2\/media?parent=228807"}],"wp:term":[{"taxonomy":"category","embeddable":true,"href":"https:\/\/www.europesays.com\/pt\/wp-json\/wp\/v2\/categories?post=228807"},{"taxonomy":"post_tag","embeddable":true,"href":"https:\/\/www.europesays.com\/pt\/wp-json\/wp\/v2\/tags?post=228807"}],"curies":[{"name":"wp","href":"https:\/\/api.w.org\/{rel}","templated":true}]}}