{"id":228811,"date":"2026-01-14T19:25:09","date_gmt":"2026-01-14T19:25:09","guid":{"rendered":"https:\/\/www.europesays.com\/pt\/228811\/"},"modified":"2026-01-14T19:25:09","modified_gmt":"2026-01-14T19:25:09","slug":"por-que-ana-maria-braga-chamou-participante-de-jonas-22","status":"publish","type":"post","link":"https:\/\/www.europesays.com\/pt\/228811\/","title":{"rendered":"Por qu\u00ea Ana Maria Braga chamou participante de \u201cJonas 22\u201d?"},"content":{"rendered":"<p>\t\t\t\t\t\t                                Participante do BBB 26 teve v\u00eddeo \u00edntimo vazado\u00a0(Manoella Mello\/TV Globo)<\/p>\n<p>                                    Continua ap\u00f3s publicidade<\/p>\n<p>Quem assiste o Mais Voc\u00ea sabe que Ana Maria Braga n\u00e3o \u00e9 de ter muito filtro. Mas na manh\u00e3 desta quarta (14), nem mesmo a companheira de programa Tati Machado aguentou quando a apresentadora se referiu ao participante do BBB 26 como \u201cJonas 22\u201d e caiu na gargalhada.<\/p>\n<p><a href=\"https:\/\/vejario.abril.com.br\/coluna\/otavio-furtado\/estado-saude-henri-castelli-convulsao\/\" rel=\"nofollow noopener\" target=\"_blank\">+\u00a0Como est\u00e1 o estado de sa\u00fade de Henri Castelli depois de convuls\u00e3o<\/a><\/p>\n<p>O apelido foi dado ao Veterano do programa depois que um suposto v\u00eddeo \u00edntimo dele foi vazado nas redes sociais. Nas imagens ele media o tamanho do seu org\u00e3o genital, que lhe rendeu o apelido pela centimetragem.<\/p>\n<p>O assunto inclusive j\u00e1 \u00e9 recorrente dentro da casa do Big Brother Brasil. Primeiro foi Marcelo que comentou. \u201cN\u00e3o tem como. Voc\u00ea olha pra ele e lembra do v\u00eddeo\u201d, disse o m\u00e9dico.<\/p>\n<p><a href=\"https:\/\/vejario.abril.com.br\/coluna\/otavio-furtado\/fala-ana-paula-renault-incomodou-aline\/\" rel=\"nofollow noopener\" target=\"_blank\">+\u00a0Qual fala de Ana Paula Renault de 10 anos atr\u00e1s incomodou Aline<\/a><\/p>\n<p>    Continua ap\u00f3s a publicidade<\/p>\n<p>J\u00e1 na prova do l\u00edder o assunto voltou a tona quando participantes discutiam sobre emoji de mala dado para Alberto Cowboy. Alguns participantes brincavam dando novas interpreta\u00e7\u00f5es para o uso quando o pr\u00f3prio disparou: \u201cAs vezes viu o cara de sunga e deu uma mala\u201d.<\/p>\n<p>\u00a0<\/p>\n","protected":false},"excerpt":{"rendered":"Participante do BBB 26 teve v\u00eddeo \u00edntimo vazado\u00a0(Manoella Mello\/TV Globo) Continua ap\u00f3s publicidade Quem assiste o Mais Voc\u00ea&hellip;\n","protected":false},"author":2,"featured_media":228812,"comment_status":"","ping_status":"","sticky":false,"template":"","format":"standard","meta":{"footnotes":""},"categories":[145],"tags":[211,210,114,115,32,33],"class_list":{"0":"post-228811","1":"post","2":"type-post","3":"status-publish","4":"format-standard","5":"has-post-thumbnail","7":"category-celebridades","8":"tag-celebridades","9":"tag-celebrities","10":"tag-entertainment","11":"tag-entretenimento","12":"tag-portugal","13":"tag-pt"},"share_on_mastodon":{"url":"https:\/\/pubeurope.com\/@pt\/115895096436021090","error":""},"_links":{"self":[{"href":"https:\/\/www.europesays.com\/pt\/wp-json\/wp\/v2\/posts\/228811","targetHints":{"allow":["GET"]}}],"collection":[{"href":"https:\/\/www.europesays.com\/pt\/wp-json\/wp\/v2\/posts"}],"about":[{"href":"https:\/\/www.europesays.com\/pt\/wp-json\/wp\/v2\/types\/post"}],"author":[{"embeddable":true,"href":"https:\/\/www.europesays.com\/pt\/wp-json\/wp\/v2\/users\/2"}],"replies":[{"embeddable":true,"href":"https:\/\/www.europesays.com\/pt\/wp-json\/wp\/v2\/comments?post=228811"}],"version-history":[{"count":0,"href":"https:\/\/www.europesays.com\/pt\/wp-json\/wp\/v2\/posts\/228811\/revisions"}],"wp:featuredmedia":[{"embeddable":true,"href":"https:\/\/www.europesays.com\/pt\/wp-json\/wp\/v2\/media\/228812"}],"wp:attachment":[{"href":"https:\/\/www.europesays.com\/pt\/wp-json\/wp\/v2\/media?parent=228811"}],"wp:term":[{"taxonomy":"category","embeddable":true,"href":"https:\/\/www.europesays.com\/pt\/wp-json\/wp\/v2\/categories?post=228811"},{"taxonomy":"post_tag","embeddable":true,"href":"https:\/\/www.europesays.com\/pt\/wp-json\/wp\/v2\/tags?post=228811"}],"curies":[{"name":"wp","href":"https:\/\/api.w.org\/{rel}","templated":true}]}}