{"id":228813,"date":"2026-01-14T19:26:21","date_gmt":"2026-01-14T19:26:21","guid":{"rendered":"https:\/\/www.europesays.com\/pt\/228813\/"},"modified":"2026-01-14T19:26:21","modified_gmt":"2026-01-14T19:26:21","slug":"retorno-do-maximalismo-e-mais-9-tendencias-de-decoracao-para-2026","status":"publish","type":"post","link":"https:\/\/www.europesays.com\/pt\/228813\/","title":{"rendered":"Retorno do maximalismo e mais: 9 tend\u00eancias de decora\u00e7\u00e3o para 2026"},"content":{"rendered":"<p>As tend\u00eancias de <a href=\"https:\/\/claudia.abril.com.br\/tudo-sobre\/decoracao\/\" rel=\"nofollow noopener\" target=\"_blank\"><strong>decora\u00e7\u00e3o<\/strong><\/a> para 2026 revelam um momento de amadurecimento do morar. Depois de anos marcados por minimalismo r\u00edgido e neutralidade extrema, os interiores passam a refletir desejos mais complexos: conforto emocional, identidade cultural, tecnologia integrada e espa\u00e7os pensados para a viv\u00eancia real. <\/p>\n<p>A seguir, reunimos os principais caminhos apontados que devem bombar no pr\u00f3ximo ano. <\/p>\n<p><b>1) O branco como pausa visual e base de equil\u00edbrio<\/b><\/p>\n<p>    <img loading=\"lazy\" decoding=\"async\" alt=\"Tend\u00eancias de decora\u00e7\u00e3o para 2026\" class=\"size-full wp-image-1576368\" src=\"https:\/\/www.europesays.com\/pt\/wp-content\/uploads\/2026\/01\/tendencia-decoracao-branco.jpg\" border=\"0\" title=\"tendencia-decoracao-branco\" width=\"1024\" height=\"1536\" data-restrict=\"false\" data-portal-copyright=\"Unsplash\" data-image-caption=\"A cor branca reflete a busca por ambientes mais calmos e organizados visualmente\" data-image-title=\"\" data-image-source=\"Reprodu\u00e7\u00e3o\"\/><br \/>\n     A cor branca reflete a busca por ambientes mais calmos e organizados visualmente (Unsplash\/Reprodu\u00e7\u00e3o)<\/p>\n<p>A <a href=\"https:\/\/claudia.abril.com.br\/decoracao\/pantone-define-o-branco-como-cor-de-2026-veja-o-tom-cloud-dancer\/\" rel=\"nofollow noopener\" target=\"_blank\">escolha da Pantone por um tom de branco como cor do ano<\/a> traduz um desejo coletivo por descanso e desacelera\u00e7\u00e3o. Para <strong>Luiza Andrade<\/strong>, s\u00f3cia do escrit\u00f3rio Andrade e Silva, essa neutralidade n\u00e3o representa aus\u00eancia, mas, sim, um ponto de equil\u00edbrio dentro dos espa\u00e7os.<\/p>\n<p> reflete a busca por ambientes mais calmos e organizados visualmente, especialmente em um cotidiano cada vez mais acelerado. Em 2026, o branco e os tons claros aparecem como base para projetos que pedem leveza, mas sem abrir m\u00e3o de identidade.<\/p>\n<p><b\/><b\/><b> 2) Maximalismo como linguagem dominante<\/b><\/p>\n<p>    <img loading=\"lazy\" decoding=\"async\" alt=\"Tend\u00eancias de decora\u00e7\u00e3o para 2026\" class=\"size-full wp-image-1576370\" src=\"https:\/\/www.europesays.com\/pt\/wp-content\/uploads\/2026\/01\/tendencia-decoracao-maximalismo.jpg\" border=\"0\" title=\"tendencia-decoracao-maximalismo\" width=\"1024\" height=\"1365\" data-restrict=\"false\" data-portal-copyright=\"Unsplash\" data-image-caption=\"Em 2026, o excesso passa a ser intencional e carregado de significado\" data-image-title=\"\" data-image-source=\"Reprodu\u00e7\u00e3o\"\/><br \/>\n     Em 2026, o excesso passa a ser intencional e carregado de significado (Unsplash\/Reprodu\u00e7\u00e3o)<\/p>\n<p>O <a href=\"https:\/\/claudia.abril.com.br\/casa-claudia\/papeis-de-parede-maximalistas-decoracao\/\" rel=\"nofollow noopener\" target=\"_blank\"><strong>maximalismo<\/strong><\/a> deve se consolidar de vez em 2026. Na leitura da arquiteta Heidy Briotto, o excesso passa a ser intencional e carregado de significado. Mais cor, mais textura, mais informa\u00e7\u00e3o visual e mais contraste entram em cena, substituindo propostas excessivamente contidas. <\/p>\n<p>    Continua ap\u00f3s a publicidade<\/p>\n<p>O branco, nesse contexto, atua como respiro entre camadas de est\u00edmulo, permitindo que o maximalismo seja expressivo sem se tornar ca\u00f3tico.<\/p>\n<p><b\/><b\/><b> 3) Texturas em evid\u00eancia e materiais sensoriais<\/b><\/p>\n<p>    <img loading=\"lazy\" decoding=\"async\" alt=\"Tend\u00eancias de decora\u00e7\u00e3o para 2026\" class=\"size-full wp-image-1576371\" src=\"https:\/\/www.europesays.com\/pt\/wp-content\/uploads\/2026\/01\/tendencia-decoracao-texturas.jpg\" border=\"0\" title=\"tendencia-decoracao-texturas\" width=\"1024\" height=\"1536\" data-restrict=\"false\" data-portal-copyright=\"Unsplash\" data-image-caption=\"Ser\u00e1 poss\u00edvel observar a valoriza\u00e7\u00e3o de superf\u00edcies t\u00e1teis, como madeiras com veios aparentes, tecidos volumosos e acabamentos de pintura com textura\" data-image-title=\"\" data-image-source=\"Reprodu\u00e7\u00e3o\"\/><br \/>\n     Ser\u00e1 poss\u00edvel observar a valoriza\u00e7\u00e3o de superf\u00edcies t\u00e1teis, como madeiras com veios aparentes, tecidos volumosos e acabamentos de pintura com textura (Unsplash\/Reprodu\u00e7\u00e3o)<\/p>\n<p>Com uma paleta mais neutra como pano de fundo, os materiais ganham protagonismo. Luiza aponta a valoriza\u00e7\u00e3o de superf\u00edcies t\u00e1teis, como madeiras com veios aparentes, tecidos volumosos e acabamentos de pintura com textura. O toque passa a ser t\u00e3o importante quanto a est\u00e9tica, refor\u00e7ando a dimens\u00e3o sensorial dos ambientes e aproximando os espa\u00e7os da experi\u00eancia humana.<\/p>\n<p><b\/><b\/><b> 4) Retorno das madeiras escuras e cores vibrantes<\/b><\/p>\n<p>    <img loading=\"lazy\" decoding=\"async\" alt=\"Tend\u00eancias de decora\u00e7\u00e3o para 2026\" class=\"size-full wp-image-1576372\" src=\"https:\/\/www.europesays.com\/pt\/wp-content\/uploads\/2026\/01\/tendencia-decoracao-madeira-escura.jpg\" border=\"0\" title=\"tendencia-decoracao-madeira-escura\" width=\"1024\" height=\"650\" data-restrict=\"false\" data-portal-copyright=\"Unsplash\" data-image-caption=\"O ano apresentar\u00e1 um retorno massivo das madeiras nacionais mais escuras, como jatob\u00e1, jacarand\u00e1, ip\u00ea e louro-preto\" data-image-title=\"\" data-image-source=\"Reprodu\u00e7\u00e3o\"\/><br \/>\n     O ano apresentar\u00e1 um retorno massivo das madeiras nacionais mais escuras, como jatob\u00e1, jacarand\u00e1, ip\u00ea e louro-preto (Unsplash\/Reprodu\u00e7\u00e3o)<\/p>\n<p>Na contram\u00e3o das madeiras claras que dominaram os \u00faltimos anos, Heidy observa um retorno massivo das madeiras nacionais mais escuras, como jatob\u00e1, jacarand\u00e1, ip\u00ea e louro-preto. Esse movimento vem acompanhado de cores intensas, azul cobalto, vermelho, laranja, e de tecidos florais, listrados e geom\u00e9tricos, sempre com alto contraste. O minimalismo perde for\u00e7a, dando espa\u00e7o a uma est\u00e9tica mais expressiva e brasileira.<\/p>\n<p>    Continua ap\u00f3s a publicidade<\/p>\n<p><b\/><b\/><b> 5) Tecnologia integrada e menos vis\u00edvel<\/b><\/p>\n<p>    <img loading=\"lazy\" decoding=\"async\" alt=\"Tend\u00eancias de decora\u00e7\u00e3o para 2026\" class=\"size-full wp-image-1576385\" src=\"https:\/\/www.europesays.com\/pt\/wp-content\/uploads\/2026\/01\/tendencia-decoracao-casa-inteligente.jpg\" border=\"0\" title=\"tendencia-decoracao-casa-inteligente\" width=\"1024\" height=\"1365\" data-restrict=\"false\" data-portal-copyright=\"Unsplash\" data-image-caption=\"Sistemas integrados economizam tempo, reduzem esfor\u00e7os e permitem que o morador aproveite melhor os espa\u00e7os\" data-image-title=\"\" data-image-source=\"Reprodu\u00e7\u00e3o\"\/><br \/>\n     Sistemas integrados economizam tempo, reduzem esfor\u00e7os e permitem que o morador aproveite melhor os espa\u00e7os (Unsplash\/Reprodu\u00e7\u00e3o)<\/p>\n<p>A automa\u00e7\u00e3o deixa de ser um luxo e passa a ser parte natural da casa. Para Luiza, as pessoas est\u00e3o cada vez mais abertos \u00e0 tecnologia quando ela simplifica a rotina. Sistemas integrados economizam tempo, reduzem esfor\u00e7os e permitem que o morador aproveite melhor os espa\u00e7os. <\/p>\n<p>Em 2026, a tecnologia n\u00e3o disputa aten\u00e7\u00e3o visual: ela funciona de forma silenciosa e eficiente.<\/p>\n<p><b\/><b\/><b> 6) Intelig\u00eancia artificial no cotidiano dom\u00e9stico<\/b><\/p>\n<p>    <img loading=\"lazy\" decoding=\"async\" alt=\"Casa inteligente\" class=\"wp-image-1042119 size-full\" src=\"https:\/\/www.europesays.com\/pt\/wp-content\/uploads\/2026\/01\/echo20dot20white20shelf.jpg\" border=\"0\" title=\"5 maneiras que uma assistente virtual pode tornar sua casa mais inteligente\" width=\"738\" height=\"369\" data-restrict=\"false\" data-portal-copyright=\"Divulga\u00e7\u00e3o\" data-image-caption=\"Casa inteligente\" data-image-title=\"\" data-image-source=\"Amazon\"\/><br \/>\n     A IA impacta a ind\u00fastria, os processos de fabrica\u00e7\u00e3o e a personaliza\u00e7\u00e3o dos ambientes (Divulga\u00e7\u00e3o\/Amazon)<\/p>\n<p>Heidy destaca que a intelig\u00eancia artificial ser\u00e1 cada vez mais presente nos lares, seja em sistemas de automa\u00e7\u00e3o mais intuitivos, seja em dispositivos que facilitam a vida di\u00e1ria. <\/p>\n<p>    Continua ap\u00f3s a publicidade<\/p>\n<p>A IA tamb\u00e9m impacta a ind\u00fastria, os processos de fabrica\u00e7\u00e3o e a personaliza\u00e7\u00e3o dos ambientes. O futuro aponta para <strong><a href=\"https:\/\/claudia.abril.com.br\/casa-claudia\/casa-inteligente-5-itens-que-podem-te-ajudar-na-rotina\/\" rel=\"nofollow noopener\" target=\"_blank\">casas inteligentes<\/a><\/strong> de forma org\u00e2nica, quase impercept\u00edvel, integradas ao dia a dia sem protagonismo est\u00e9tico.<\/p>\n<p><b\/><b\/><b> 7) Casas menos instagram\u00e1veis e mais vividas<\/b><\/p>\n<p>    <img loading=\"lazy\" decoding=\"async\" alt=\"Tend\u00eancias de decora\u00e7\u00e3o para 2026\" class=\"size-full wp-image-1576382\" src=\"https:\/\/www.europesays.com\/pt\/wp-content\/uploads\/2026\/01\/tendencias-decoracao-2026.jpg\" border=\"0\" title=\"tendencias-decoracao-2026\" width=\"1024\" height=\"1408\" data-restrict=\"false\" data-portal-copyright=\"Unsplash\" data-image-caption=\"Os interiores passam a ser menos pensados para fotos e mais para a experi\u00eancia real\" data-image-title=\"\" data-image-source=\"Reprodu\u00e7\u00e3o\"\/><br \/>\n     Os interiores passam a ser menos pensados para fotos e mais para a experi\u00eancia real (Unsplash\/Reprodu\u00e7\u00e3o)<\/p>\n<p>O comportamento do consumidor indica uma mudan\u00e7a clara de prioridade. Luiza observa uma busca crescente por espa\u00e7os que incentivem o conv\u00edvio, o contato humano e a identifica\u00e7\u00e3o emocional. <\/p>\n<p>Em resposta a uma vida cada vez mais digital, os interiores passam a ser menos pensados para fotos e mais para a experi\u00eancia real, com layouts que aproximam pessoas e estimulam o uso cotidiano.<\/p>\n<p><b\/><b>8) Valoriza\u00e7\u00e3o da cultura e da identidade<\/b><\/p>\n<p>    <img loading=\"lazy\" decoding=\"async\" alt=\"Tend\u00eancias de decora\u00e7\u00e3o para 2026\" class=\"size-full wp-image-1576380\" src=\"https:\/\/www.europesays.com\/pt\/wp-content\/uploads\/2026\/01\/tendencia-decoracao-arte-brasileira.jpg\" border=\"0\" title=\"tendencia-decoracao-arte-brasileira\" width=\"1024\" height=\"1536\" data-restrict=\"false\" data-portal-copyright=\"Unsplash\" data-image-caption=\"A casa passa a contar hist\u00f3rias por meio da materialidade, do mobili\u00e1rio e da decora\u00e7\u00e3o\" data-image-title=\"\" data-image-source=\"Reprodu\u00e7\u00e3o\"\/><br \/>\n     A casa passa a contar hist\u00f3rias por meio da materialidade, do mobili\u00e1rio e da decora\u00e7\u00e3o (Unsplash\/Reprodu\u00e7\u00e3o)<\/p>\n<p>    Continua ap\u00f3s a publicidade<\/p>\n<p>Para Heidy, 2026 marca um retorno \u00e0 ess\u00eancia do morar brasileiro. A casa passa a contar hist\u00f3rias por meio da materialidade, do mobili\u00e1rio e da decora\u00e7\u00e3o. Pe\u00e7as artesanais, refer\u00eancias culturais e solu\u00e7\u00f5es que traduzem a diversidade do pa\u00eds ganham for\u00e7a, ampliando a identidade dos projetos e afastando a padroniza\u00e7\u00e3o global.<\/p>\n<p><b\/><b\/><b> 9) Arte brasileira como protagonista do d\u00e9cor<\/b><\/p>\n<p>    <img loading=\"lazy\" decoding=\"async\" alt=\"Sala de estar com parede verde, plantas e quadros\" class=\"wp-image-1571572 size-full\" src=\"https:\/\/www.europesays.com\/pt\/wp-content\/uploads\/2026\/01\/IMAGEM-VERTICAL-Indoor-Isabela4.jpg\" border=\"0\" title=\"IMAGEM VERTICAL \u2013 Indoor Isabela4\" width=\"1024\" height=\"1536\" data-restrict=\"false\" data-portal-copyright=\"Andressa Guerra\" data-image-caption=\"As obras s\u00e3o de Iza Ananse, namorado, que divide o lar com a moradora. Acima, a placa \u00e9 de um com\u00e9rcio antigo e foi comprada de segunda m\u00e3o na loja Archivo\" data-image-title=\"\" data-image-source=\"CLAUDIA\"\/><br \/>\n     A arte brasileira traz cor, profundidade e narrativa aos ambientes na decora\u00e7\u00e3o este ano (Andressa Guerra\/CLAUDIA)<\/p>\n<p>A presen\u00e7a da arte se intensifica nos interiores. Luiza aposta em uma valoriza\u00e7\u00e3o maior das obras de artistas brasileiros, que trazem cor, profundidade e narrativa aos ambientes. A arte deixa de ser complemento e passa a ser elemento estruturante do projeto, especialmente em espa\u00e7os de base neutra.<\/p>\n<p>Voc\u00ea tamb\u00e9m pode gostar de:<\/p>\n<p><\/p>\n<p>    Continua ap\u00f3s a publicidade<\/p>\n<p><b>Assine a newsletter de CLAUDIA<\/b><\/p>\n<p>Receba sele\u00e7\u00f5es especiais de receitas, al\u00e9m das melhores dicas de amor &amp; sexo. E o melhor: sem pagar nada. Inscreva-se abaixo para receber as nossas newsletters:<\/p>\n<p>Assine a Newsletter CLAUDIA Cozinha<\/p>\n<p>\n                            Receba a melhor curadoria de conte\u00fados de gastronomia de CLAUDIA COZINHA.<br \/>\n                                <strong><br \/>\n                                    Inscreva-se aqui<br \/>\n                                <\/strong>para receber a nossa newsletter<\/p>\n<p>                            Cadastro efetuado com sucesso!<\/p>\n<p>Voc\u00ea receber\u00e1 nossa newsletter em breve.<\/p>\n<p><b>Acompanhe o nosso WhatsApp<\/b><\/p>\n<p>Quer receber as \u00faltimas not\u00edcias, receitas e mat\u00e9rias incr\u00edveis de CLAUDIA direto no seu celular? \u00c9 s\u00f3 se inscrever aqui, <a href=\"https:\/\/whatsapp.com\/channel\/0029Va7rh5uCsU9Q7higqA2C\" rel=\"nofollow noopener\" target=\"_blank\">no nosso canal no WhatsApp<\/a>.\u00a0<\/p>\n<p><b>Acesse as not\u00edcias atrav\u00e9s de nosso app\u00a0<\/b><\/p>\n<p>Com o aplicativo de CLAUDIA, dispon\u00edvel para <a href=\"https:\/\/apps.apple.com\/br\/app\/claudia\/id433397151\" rel=\"nofollow noopener\" target=\"_blank\">iOS<\/a> e<a href=\"https:\/\/play.google.com\/store\/apps\/details?id=com.newspaperdirect.abril.claudia&amp;pli=1\" rel=\"nofollow noopener\" target=\"_blank\"> Android<\/a>, voc\u00ea confere as edi\u00e7\u00f5es impressas na \u00edntegra, e ainda ganha acesso ilimitado ao conte\u00fado dos apps de todos os t\u00edtulos Abril, como Veja e Superinteressante.<\/p>\n","protected":false},"excerpt":{"rendered":"As tend\u00eancias de decora\u00e7\u00e3o para 2026 revelam um momento de amadurecimento do morar. Depois de anos marcados por&hellip;\n","protected":false},"author":2,"featured_media":228814,"comment_status":"","ping_status":"","sticky":false,"template":"","format":"standard","meta":{"footnotes":""},"categories":[144],"tags":[207,205,206,203,201,202,204,114,115,32,33],"class_list":{"0":"post-228813","1":"post","2":"type-post","3":"status-publish","4":"format-standard","5":"has-post-thumbnail","7":"category-arte-e-design","8":"tag-arte","9":"tag-arte-e-design","10":"tag-artedesign","11":"tag-arts","12":"tag-arts-and-design","13":"tag-artsanddesign","14":"tag-design","15":"tag-entertainment","16":"tag-entretenimento","17":"tag-portugal","18":"tag-pt"},"share_on_mastodon":{"url":"https:\/\/pubeurope.com\/@pt\/115895100076618271","error":""},"_links":{"self":[{"href":"https:\/\/www.europesays.com\/pt\/wp-json\/wp\/v2\/posts\/228813","targetHints":{"allow":["GET"]}}],"collection":[{"href":"https:\/\/www.europesays.com\/pt\/wp-json\/wp\/v2\/posts"}],"about":[{"href":"https:\/\/www.europesays.com\/pt\/wp-json\/wp\/v2\/types\/post"}],"author":[{"embeddable":true,"href":"https:\/\/www.europesays.com\/pt\/wp-json\/wp\/v2\/users\/2"}],"replies":[{"embeddable":true,"href":"https:\/\/www.europesays.com\/pt\/wp-json\/wp\/v2\/comments?post=228813"}],"version-history":[{"count":0,"href":"https:\/\/www.europesays.com\/pt\/wp-json\/wp\/v2\/posts\/228813\/revisions"}],"wp:featuredmedia":[{"embeddable":true,"href":"https:\/\/www.europesays.com\/pt\/wp-json\/wp\/v2\/media\/228814"}],"wp:attachment":[{"href":"https:\/\/www.europesays.com\/pt\/wp-json\/wp\/v2\/media?parent=228813"}],"wp:term":[{"taxonomy":"category","embeddable":true,"href":"https:\/\/www.europesays.com\/pt\/wp-json\/wp\/v2\/categories?post=228813"},{"taxonomy":"post_tag","embeddable":true,"href":"https:\/\/www.europesays.com\/pt\/wp-json\/wp\/v2\/tags?post=228813"}],"curies":[{"name":"wp","href":"https:\/\/api.w.org\/{rel}","templated":true}]}}