{"id":228815,"date":"2026-01-14T19:28:09","date_gmt":"2026-01-14T19:28:09","guid":{"rendered":"https:\/\/www.europesays.com\/pt\/228815\/"},"modified":"2026-01-14T19:28:09","modified_gmt":"2026-01-14T19:28:09","slug":"ana-paula-renault-declara-que-so-votara-em-um-brother","status":"publish","type":"post","link":"https:\/\/www.europesays.com\/pt\/228815\/","title":{"rendered":"Ana Paula Renault declara que s\u00f3 votar\u00e1 em um brother"},"content":{"rendered":"<p class=\"bullet mt-0\" data-v-232111b4=\"\"><strong>Pedro analisou a estrat\u00e9gia do brother. <\/strong>&#8220;Uma narrativa que ele montou, porque ele disse que \u00e9 jogador. N\u00e3o sei o motivo&#8221;, afirmou.<\/p>\n<p class=\"bullet\" data-v-232111b4=\"\"><strong>A veterana ressaltou que Brigido ganhou uma advers\u00e1ria na casa.<\/strong> &#8220;N\u00e3o vou votar em mais ningu\u00e9m a n\u00e3o ser ele, \u00f3bvio. A primeira semana \u00e9 a mais importante, que ningu\u00e9m quer ir para o Pared\u00e3o. Ganhei tr\u00eas cobras. Provavelmente, vou para o Pared\u00e3o. E a\u00ed o &#8216;bonit\u00e3o&#8217; vai l\u00e1 e me tira da Prova do L\u00edder, que seria a minha chance?&#8221;<\/p>\n<p class=\"bullet\" data-v-232111b4=\"\"><strong>A prova de resist\u00eancia come\u00e7ou ontem, \u00e0s 23h10. <\/strong>Um minuto depois, Brigido escolheu eliminar Ana Paula Renault da disputa \u2014 que ainda segue com 6 participantes, <a href=\"https:\/\/www.uol.com.br\/splash\/noticias\/2026\/01\/13\/primeira-prova-do-lider-bbb-26.htm\" rel=\"nofollow noopener\" target=\"_blank\">durando mais de 15 horas<\/a>.<\/p>\n<p><img decoding=\"async\" src=\"https:\/\/www.europesays.com\/pt\/wp-content\/uploads\/2026\/01\/sddefault.jpg\" alt=\"\"\/><\/p>\n<p>VotarVer resultado parcial<\/p>\n<p>11.624 votos<\/p>\n<p>A vota\u00e7\u00e3o do UOL n\u00e3o possui car\u00e1ter cient\u00edfico ou influ\u00eancia sobre o resultado do programa da TV Globo<\/p>\n","protected":false},"excerpt":{"rendered":"Pedro analisou a estrat\u00e9gia do brother. &#8220;Uma narrativa que ele montou, porque ele disse que \u00e9 jogador. N\u00e3o&hellip;\n","protected":false},"author":2,"featured_media":228816,"comment_status":"","ping_status":"","sticky":false,"template":"","format":"standard","meta":{"footnotes":""},"categories":[142],"tags":[114,115,32,33,151],"class_list":{"0":"post-228815","1":"post","2":"type-post","3":"status-publish","4":"format-standard","5":"has-post-thumbnail","7":"category-tv","8":"tag-entertainment","9":"tag-entretenimento","10":"tag-portugal","11":"tag-pt","12":"tag-tv"},"share_on_mastodon":{"url":"https:\/\/pubeurope.com\/@pt\/115895107797631229","error":""},"_links":{"self":[{"href":"https:\/\/www.europesays.com\/pt\/wp-json\/wp\/v2\/posts\/228815","targetHints":{"allow":["GET"]}}],"collection":[{"href":"https:\/\/www.europesays.com\/pt\/wp-json\/wp\/v2\/posts"}],"about":[{"href":"https:\/\/www.europesays.com\/pt\/wp-json\/wp\/v2\/types\/post"}],"author":[{"embeddable":true,"href":"https:\/\/www.europesays.com\/pt\/wp-json\/wp\/v2\/users\/2"}],"replies":[{"embeddable":true,"href":"https:\/\/www.europesays.com\/pt\/wp-json\/wp\/v2\/comments?post=228815"}],"version-history":[{"count":0,"href":"https:\/\/www.europesays.com\/pt\/wp-json\/wp\/v2\/posts\/228815\/revisions"}],"wp:featuredmedia":[{"embeddable":true,"href":"https:\/\/www.europesays.com\/pt\/wp-json\/wp\/v2\/media\/228816"}],"wp:attachment":[{"href":"https:\/\/www.europesays.com\/pt\/wp-json\/wp\/v2\/media?parent=228815"}],"wp:term":[{"taxonomy":"category","embeddable":true,"href":"https:\/\/www.europesays.com\/pt\/wp-json\/wp\/v2\/categories?post=228815"},{"taxonomy":"post_tag","embeddable":true,"href":"https:\/\/www.europesays.com\/pt\/wp-json\/wp\/v2\/tags?post=228815"}],"curies":[{"name":"wp","href":"https:\/\/api.w.org\/{rel}","templated":true}]}}